{"id":2772,"date":"2020-02-28T10:23:39","date_gmt":"2020-02-28T16:23:39","guid":{"rendered":"https:\/\/raicesjerezanas.com\/?p=2772"},"modified":"2023-07-14T04:25:48","modified_gmt":"2023-07-14T04:25:48","slug":"continua-el-cine-en-la-calle-del-espejo","status":"publish","type":"post","link":"https:\/\/raicesjerezanas.com\/?p=2772","title":{"rendered":"CONTIN\u00daA EL CINE EN LA CALLE DEL ESPEJO"},"content":{"rendered":"<p>Con la historia francesa El gran concierto, se realiz\u00f3 la segunda funci\u00f3n del proyecto El cine en la calle Del Espejo, promovido por el Departamento de Turismo Municipal y la Botica del Caf\u00e9.<\/p>\n<p>Esta acci\u00f3n en conjunto pretende fomentar la sana convivencia entre los jerezanos mediante proyecciones gratuitas de cintas exitosas a nivel internacional, tal como en la primera funci\u00f3n con la pel\u00edcula Amigos.<\/p>\n<p>Alba Dena Pereyra precis\u00f3 que cada jueves de marzo se ofrecer\u00e1 tal actividad en la calle Luis Moya, donde el negocio local contribuye con mobiliario y servicio de alimentos y bebidas para los asistentes.<\/p>\n<p>El pr\u00f3ximo 5 de marzo a las 8:00 pm se proyectar\u00e1 A toda m\u00e1quina, pel\u00edcula de la \u00e9poca de oro del cine mexicano protagonizada por Pedro Infante.<\/p>\n","protected":false},"excerpt":{"rendered":"<div class=\"mh-excerpt\"><p>Con la historia francesa El gran concierto, se realiz\u00f3 la segunda funci\u00f3n del proyecto El cine en la calle Del Espejo, promovido por el Departamento <a class=\"mh-excerpt-more\" href=\"https:\/\/raicesjerezanas.com\/?p=2772\" title=\"CONTIN\u00daA EL CINE EN LA CALLE DEL ESPEJO\">&#8230;<\/a><\/p>\n<\/div>","protected":false},"author":1,"featured_media":2773,"comment_status":"closed","ping_status":"closed","sticky":false,"template":"","format":"standard","meta":{"footnotes":""},"categories":[102],"tags":[],"class_list":["post-2772","post","type-post","status-publish","format-standard","has-post-thumbnail","hentry","category-noticias-de-jerez"],"_links":{"self":[{"href":"https:\/\/raicesjerezanas.com\/index.php?rest_route=\/wp\/v2\/posts\/2772","targetHints":{"allow":["GET"]}}],"collection":[{"href":"https:\/\/raicesjerezanas.com\/index.php?rest_route=\/wp\/v2\/posts"}],"about":[{"href":"https:\/\/raicesjerezanas.com\/index.php?rest_route=\/wp\/v2\/types\/post"}],"author":[{"embeddable":true,"href":"https:\/\/raicesjerezanas.com\/index.php?rest_route=\/wp\/v2\/users\/1"}],"replies":[{"embeddable":true,"href":"https:\/\/raicesjerezanas.com\/index.php?rest_route=%2Fwp%2Fv2%2Fcomments&post=2772"}],"version-history":[{"count":0,"href":"https:\/\/raicesjerezanas.com\/index.php?rest_route=\/wp\/v2\/posts\/2772\/revisions"}],"wp:featuredmedia":[{"embeddable":true,"href":"https:\/\/raicesjerezanas.com\/index.php?rest_route=\/wp\/v2\/media\/2773"}],"wp:attachment":[{"href":"https:\/\/raicesjerezanas.com\/index.php?rest_route=%2Fwp%2Fv2%2Fmedia&parent=2772"}],"wp:term":[{"taxonomy":"category","embeddable":true,"href":"https:\/\/raicesjerezanas.com\/index.php?rest_route=%2Fwp%2Fv2%2Fcategories&post=2772"},{"taxonomy":"post_tag","embeddable":true,"href":"https:\/\/raicesjerezanas.com\/index.php?rest_route=%2Fwp%2Fv2%2Ftags&post=2772"}],"curies":[{"name":"wp","href":"https:\/\/api.w.org\/{rel}","templated":true}]}}