{"id":2774,"date":"2020-02-28T12:01:48","date_gmt":"2020-02-28T18:01:48","guid":{"rendered":"https:\/\/raicesjerezanas.com\/?p=2774"},"modified":"2023-07-14T04:25:48","modified_gmt":"2023-07-14T04:25:48","slug":"invitan-a-consumir-carne-local","status":"publish","type":"post","link":"https:\/\/raicesjerezanas.com\/?p=2774","title":{"rendered":"INVITAN A CONSUMIR CARNE LOCAL"},"content":{"rendered":"<p>Desde el Rastro Municipal de Jerez, se invita a la poblaci\u00f3n a preferir y consumir carne local para beneficio de los productores ganaderos, y as\u00ed asegurar la salud de sus familias.<\/p>\n<p>Con el acompa\u00f1amiento del m\u00e9dico zoosanitario, el Rastro garantiza la estricta vigilancia de la calidad y frescura de las carnes que se distribuyen en las carnicer\u00edas, se\u00f1al\u00f3 su titular Osvaldo Mej\u00eda Barraza.<\/p>\n<p>Detall\u00f3 que al a\u00f1o se reciben hasta 8 mil puercos y 2 mil 800 bovinos en su mayor\u00eda de procedencia local, ya que los distribuidores for\u00e1neos ofrecen carne congelada que ya trae una gu\u00eda autorizada de otros Rastros.<\/p>\n<p>De 5:00 a 12:00 horas, dicha \u00e1rea otorga servicios de maquila de ganado y su transporte en caso que el due\u00f1o no cuente con este. De ser necesario, el horario puede extenderse una hora m\u00e1s para dar mejor servicio a los productores.<\/p>\n<p>A los interesados en ingresar ganado bovino al Rastro, \u00fanicamente se les pide la factura o gu\u00eda expedida por la Asociaci\u00f3n Ganadera, al igual que con los ejemplares porcinos.<\/p>\n","protected":false},"excerpt":{"rendered":"<div class=\"mh-excerpt\"><p>Desde el Rastro Municipal de Jerez, se invita a la poblaci\u00f3n a preferir y consumir carne local para beneficio de los productores ganaderos, y as\u00ed <a class=\"mh-excerpt-more\" href=\"https:\/\/raicesjerezanas.com\/?p=2774\" title=\"INVITAN A CONSUMIR CARNE LOCAL\">&#8230;<\/a><\/p>\n<\/div>","protected":false},"author":1,"featured_media":2775,"comment_status":"closed","ping_status":"closed","sticky":false,"template":"","format":"standard","meta":{"footnotes":""},"categories":[102],"tags":[],"class_list":["post-2774","post","type-post","status-publish","format-standard","has-post-thumbnail","hentry","category-noticias-de-jerez"],"_links":{"self":[{"href":"https:\/\/raicesjerezanas.com\/index.php?rest_route=\/wp\/v2\/posts\/2774","targetHints":{"allow":["GET"]}}],"collection":[{"href":"https:\/\/raicesjerezanas.com\/index.php?rest_route=\/wp\/v2\/posts"}],"about":[{"href":"https:\/\/raicesjerezanas.com\/index.php?rest_route=\/wp\/v2\/types\/post"}],"author":[{"embeddable":true,"href":"https:\/\/raicesjerezanas.com\/index.php?rest_route=\/wp\/v2\/users\/1"}],"replies":[{"embeddable":true,"href":"https:\/\/raicesjerezanas.com\/index.php?rest_route=%2Fwp%2Fv2%2Fcomments&post=2774"}],"version-history":[{"count":0,"href":"https:\/\/raicesjerezanas.com\/index.php?rest_route=\/wp\/v2\/posts\/2774\/revisions"}],"wp:featuredmedia":[{"embeddable":true,"href":"https:\/\/raicesjerezanas.com\/index.php?rest_route=\/wp\/v2\/media\/2775"}],"wp:attachment":[{"href":"https:\/\/raicesjerezanas.com\/index.php?rest_route=%2Fwp%2Fv2%2Fmedia&parent=2774"}],"wp:term":[{"taxonomy":"category","embeddable":true,"href":"https:\/\/raicesjerezanas.com\/index.php?rest_route=%2Fwp%2Fv2%2Fcategories&post=2774"},{"taxonomy":"post_tag","embeddable":true,"href":"https:\/\/raicesjerezanas.com\/index.php?rest_route=%2Fwp%2Fv2%2Ftags&post=2774"}],"curies":[{"name":"wp","href":"https:\/\/api.w.org\/{rel}","templated":true}]}}