{"id":2780,"date":"2020-03-01T11:02:00","date_gmt":"2020-03-01T17:02:00","guid":{"rendered":"https:\/\/raicesjerezanas.com\/?p=2780"},"modified":"2023-07-14T04:25:47","modified_gmt":"2023-07-14T04:25:47","slug":"la-feria-de-primavera-2020-sera-una-fiesta-incluyente-aceves-sanchez","status":"publish","type":"post","link":"https:\/\/raicesjerezanas.com\/?p=2780","title":{"rendered":"LA FERIA DE PRIMAVERA 2020 SER\u00c1 UNA FIESTA INCLUYENTE: ACEVES S\u00c1NCHEZ"},"content":{"rendered":"<p><strong>Del 8 al 20 de abril, Jerez se reafirmar\u00e1 como el m\u00e1s alegre de los Pueblos M\u00e1gicos con la edici\u00f3n 2020 de la Feria de Primavera.<\/strong><\/p>\n<p>El Presidente Municipal Antonio Aceves S\u00e1nchez present\u00f3 el Programa Oficial de actividades de la m\u00e1xima fiesta de los jerezanos que incluye actividades art\u00edsticas, culturales, taurinas, deportivas y tur\u00edsticas de calidad para toda la familia.<\/p>\n<p>En el escenario del magno teatro Hinojosa, Aceves S\u00e1nchez expres\u00f3 que la organizaci\u00f3n de esta Feria se bas\u00f3 en generar un punto de encuentro entre la comunidad migrante con sus familias y tambi\u00e9n un destino atractivo para visitantes nacionales e internacionales.<\/p>\n<p>\u00abEstoy convencido que la Feria de Jerez es incluyente\u00bb, dijo.<\/p>\n<p>Asimismo garantiz\u00f3 un fuerte operativo de seguridad que garantizar\u00e1 la integridad de cada uno de los asistentes.<\/p>\n<p>M\u00e1s de 60 eventos se presentar\u00e1n en distintos espacios como el Centro de Espect\u00e1culos Cultural y Deportivo de Jerez, el centro de la ciudad y la Sierra de Cardos.<\/p>\n<p>A la par de la diversi\u00f3n y atracciones para chicos y grandes, durante la Feria se apostar\u00e1 por buenos resultados para el comercio local con su participaci\u00f3n en cada uno de los foros.<\/p>\n<p>Adem\u00e1s, en apoyo a la econom\u00eda de las familias se mantiene la cuota \u00fanica de 30 pesos en los juegos mec\u00e1nicos por seis horas en las que los m\u00e1s peque\u00f1os podr\u00e1n disfrutar de cada una de las atracciones.<\/p>\n","protected":false},"excerpt":{"rendered":"<div class=\"mh-excerpt\"><p>Del 8 al 20 de abril, Jerez se reafirmar\u00e1 como el m\u00e1s alegre de los Pueblos M\u00e1gicos con la edici\u00f3n 2020 de la Feria de <a class=\"mh-excerpt-more\" href=\"https:\/\/raicesjerezanas.com\/?p=2780\" title=\"LA FERIA DE PRIMAVERA 2020 SER\u00c1 UNA FIESTA INCLUYENTE: ACEVES S\u00c1NCHEZ\">&#8230;<\/a><\/p>\n<\/div>","protected":false},"author":1,"featured_media":2781,"comment_status":"closed","ping_status":"closed","sticky":false,"template":"","format":"standard","meta":{"footnotes":""},"categories":[102],"tags":[],"class_list":["post-2780","post","type-post","status-publish","format-standard","has-post-thumbnail","hentry","category-noticias-de-jerez"],"_links":{"self":[{"href":"https:\/\/raicesjerezanas.com\/index.php?rest_route=\/wp\/v2\/posts\/2780","targetHints":{"allow":["GET"]}}],"collection":[{"href":"https:\/\/raicesjerezanas.com\/index.php?rest_route=\/wp\/v2\/posts"}],"about":[{"href":"https:\/\/raicesjerezanas.com\/index.php?rest_route=\/wp\/v2\/types\/post"}],"author":[{"embeddable":true,"href":"https:\/\/raicesjerezanas.com\/index.php?rest_route=\/wp\/v2\/users\/1"}],"replies":[{"embeddable":true,"href":"https:\/\/raicesjerezanas.com\/index.php?rest_route=%2Fwp%2Fv2%2Fcomments&post=2780"}],"version-history":[{"count":0,"href":"https:\/\/raicesjerezanas.com\/index.php?rest_route=\/wp\/v2\/posts\/2780\/revisions"}],"wp:featuredmedia":[{"embeddable":true,"href":"https:\/\/raicesjerezanas.com\/index.php?rest_route=\/wp\/v2\/media\/2781"}],"wp:attachment":[{"href":"https:\/\/raicesjerezanas.com\/index.php?rest_route=%2Fwp%2Fv2%2Fmedia&parent=2780"}],"wp:term":[{"taxonomy":"category","embeddable":true,"href":"https:\/\/raicesjerezanas.com\/index.php?rest_route=%2Fwp%2Fv2%2Fcategories&post=2780"},{"taxonomy":"post_tag","embeddable":true,"href":"https:\/\/raicesjerezanas.com\/index.php?rest_route=%2Fwp%2Fv2%2Ftags&post=2780"}],"curies":[{"name":"wp","href":"https:\/\/api.w.org\/{rel}","templated":true}]}}