{"id":2788,"date":"2020-02-01T21:15:41","date_gmt":"2020-02-02T03:15:41","guid":{"rendered":"https:\/\/raicesjerezanas.com\/?p=2788"},"modified":"2023-07-14T04:26:33","modified_gmt":"2023-07-14T04:26:33","slug":"combaten-violencia-en-jerez-mediante-el-teatro","status":"publish","type":"post","link":"https:\/\/raicesjerezanas.com\/?p=2788","title":{"rendered":"COMBATEN VIOLENCIA EN JEREZ MEDIANTE EL TEATRO"},"content":{"rendered":"<p>La compa\u00f1\u00eda Ra\u00edz Teatro present\u00f3 en Jerez la historia En mi maleta cabes t\u00fa, performance enfocado a prevenir la violencia.<\/p>\n<p>El Gobierno Municipal a trav\u00e9s del Departamento de Turismo y con apoyo de la Secretar\u00eda de Turismo del Estado (SECTURZ), organiz\u00f3 este evento para estudiantes de nivel medio superior y p\u00fablico en general en la Plaza Principal.<\/p>\n<p>La tem\u00e1tica ahond\u00f3 en los or\u00edgenes de la violencia familiar, social y comunitaria, adem\u00e1s de cu\u00e1les son las normas esenciales que deben reitegrarse para alcanzar la paz interna y externa.<\/p>\n<p>Al finalizar, alumnos del CECYTEZ, COBAEG, Colegio Daniel M\u00e1rquez Medina y la Preparatoria Francisco Garc\u00eda Salinas, participaron en mesas de discusi\u00f3n donde se comprometieron a difundir entre la sociedad la importancia de cambiar ciertos comportamientos que generan violencia en todos los \u00e1mbitos.<\/p>\n","protected":false},"excerpt":{"rendered":"<div class=\"mh-excerpt\"><p>La compa\u00f1\u00eda Ra\u00edz Teatro present\u00f3 en Jerez la historia En mi maleta cabes t\u00fa, performance enfocado a prevenir la violencia. El Gobierno Municipal a trav\u00e9s <a class=\"mh-excerpt-more\" href=\"https:\/\/raicesjerezanas.com\/?p=2788\" title=\"COMBATEN VIOLENCIA EN JEREZ MEDIANTE EL TEATRO\">&#8230;<\/a><\/p>\n<\/div>","protected":false},"author":1,"featured_media":2789,"comment_status":"closed","ping_status":"closed","sticky":false,"template":"","format":"standard","meta":{"footnotes":""},"categories":[102],"tags":[],"class_list":["post-2788","post","type-post","status-publish","format-standard","has-post-thumbnail","hentry","category-noticias-de-jerez"],"_links":{"self":[{"href":"https:\/\/raicesjerezanas.com\/index.php?rest_route=\/wp\/v2\/posts\/2788","targetHints":{"allow":["GET"]}}],"collection":[{"href":"https:\/\/raicesjerezanas.com\/index.php?rest_route=\/wp\/v2\/posts"}],"about":[{"href":"https:\/\/raicesjerezanas.com\/index.php?rest_route=\/wp\/v2\/types\/post"}],"author":[{"embeddable":true,"href":"https:\/\/raicesjerezanas.com\/index.php?rest_route=\/wp\/v2\/users\/1"}],"replies":[{"embeddable":true,"href":"https:\/\/raicesjerezanas.com\/index.php?rest_route=%2Fwp%2Fv2%2Fcomments&post=2788"}],"version-history":[{"count":0,"href":"https:\/\/raicesjerezanas.com\/index.php?rest_route=\/wp\/v2\/posts\/2788\/revisions"}],"wp:featuredmedia":[{"embeddable":true,"href":"https:\/\/raicesjerezanas.com\/index.php?rest_route=\/wp\/v2\/media\/2789"}],"wp:attachment":[{"href":"https:\/\/raicesjerezanas.com\/index.php?rest_route=%2Fwp%2Fv2%2Fmedia&parent=2788"}],"wp:term":[{"taxonomy":"category","embeddable":true,"href":"https:\/\/raicesjerezanas.com\/index.php?rest_route=%2Fwp%2Fv2%2Fcategories&post=2788"},{"taxonomy":"post_tag","embeddable":true,"href":"https:\/\/raicesjerezanas.com\/index.php?rest_route=%2Fwp%2Fv2%2Ftags&post=2788"}],"curies":[{"name":"wp","href":"https:\/\/api.w.org\/{rel}","templated":true}]}}