{"id":2792,"date":"2020-02-04T21:23:27","date_gmt":"2020-02-05T03:23:27","guid":{"rendered":"https:\/\/raicesjerezanas.com\/?p=2792"},"modified":"2023-07-14T04:26:32","modified_gmt":"2023-07-14T04:26:32","slug":"guardianes-del-saber-inicia-actividades-en-jerez","status":"publish","type":"post","link":"https:\/\/raicesjerezanas.com\/?p=2792","title":{"rendered":"GUARDIANES DEL SABER INICIA ACTIVIDADES EN JEREZ"},"content":{"rendered":"<p>El Gobierno Municipal de Jerez arranc\u00f3 el programa Guardianes del Saber, cuyo objetivo es reactivar el inter\u00e9s de alumnos de primaria por el acervo de las 11 bibliotecas locales y sus beneficios acad\u00e9micos.<\/p>\n<p>Cada semana, se programar\u00e1n visitas de distintas escuelas a cada una de las bibliotecas, en las que se quedar\u00e1 un anecdotario con las experiencias redactadas de primera mano por los participantes.<\/p>\n<p>El Director del Instituto Jerezano de Cultura (IJC), Miguel \u00c1ngel Salcedo Quezada, detall\u00f3 que acorde a la apuesta del Gobierno de Antonio Aceves S\u00e1nchez por la educaci\u00f3n y el desarrollo intelectual de los jerezanos, se pens\u00f3 en tal estrategia para despertar el inter\u00e9s de los peque\u00f1os en acudir a estos espacios de investigaci\u00f3n, lectura, consulta y redacci\u00f3n.<\/p>\n<p>Agreg\u00f3 que el programa busca balancear el uso de las plataformas digitales, que si bien ofrecen muchas ventajas tambi\u00e9n provocan distracci\u00f3n y desinformaci\u00f3n en los ni\u00f1os.<\/p>\n<p>Con la presencia de alumnos de la Primaria Margarita Maza de Ju\u00e1rez en la Biblioteca Municipal Lorenzo Ram\u00edrez Arellano, se iniciaron las actividades que proporcionar\u00e1n una experiencia v\u00edvida e interactiva, entre ellas din\u00e1micas con los juegos de mesa Revolution Time Line, y Tierra y Libertad, basados en la \u00e9poca revolucionaria de M\u00e9xico y creados por el jerezano Sa\u00fal S\u00e1nchez Ba\u00f1uelos.<\/p>\n","protected":false},"excerpt":{"rendered":"<div class=\"mh-excerpt\"><p>El Gobierno Municipal de Jerez arranc\u00f3 el programa Guardianes del Saber, cuyo objetivo es reactivar el inter\u00e9s de alumnos de primaria por el acervo de <a class=\"mh-excerpt-more\" href=\"https:\/\/raicesjerezanas.com\/?p=2792\" title=\"GUARDIANES DEL SABER INICIA ACTIVIDADES EN JEREZ\">&#8230;<\/a><\/p>\n<\/div>","protected":false},"author":1,"featured_media":2793,"comment_status":"closed","ping_status":"closed","sticky":false,"template":"","format":"standard","meta":{"footnotes":""},"categories":[102],"tags":[],"class_list":["post-2792","post","type-post","status-publish","format-standard","has-post-thumbnail","hentry","category-noticias-de-jerez"],"_links":{"self":[{"href":"https:\/\/raicesjerezanas.com\/index.php?rest_route=\/wp\/v2\/posts\/2792","targetHints":{"allow":["GET"]}}],"collection":[{"href":"https:\/\/raicesjerezanas.com\/index.php?rest_route=\/wp\/v2\/posts"}],"about":[{"href":"https:\/\/raicesjerezanas.com\/index.php?rest_route=\/wp\/v2\/types\/post"}],"author":[{"embeddable":true,"href":"https:\/\/raicesjerezanas.com\/index.php?rest_route=\/wp\/v2\/users\/1"}],"replies":[{"embeddable":true,"href":"https:\/\/raicesjerezanas.com\/index.php?rest_route=%2Fwp%2Fv2%2Fcomments&post=2792"}],"version-history":[{"count":0,"href":"https:\/\/raicesjerezanas.com\/index.php?rest_route=\/wp\/v2\/posts\/2792\/revisions"}],"wp:featuredmedia":[{"embeddable":true,"href":"https:\/\/raicesjerezanas.com\/index.php?rest_route=\/wp\/v2\/media\/2793"}],"wp:attachment":[{"href":"https:\/\/raicesjerezanas.com\/index.php?rest_route=%2Fwp%2Fv2%2Fmedia&parent=2792"}],"wp:term":[{"taxonomy":"category","embeddable":true,"href":"https:\/\/raicesjerezanas.com\/index.php?rest_route=%2Fwp%2Fv2%2Fcategories&post=2792"},{"taxonomy":"post_tag","embeddable":true,"href":"https:\/\/raicesjerezanas.com\/index.php?rest_route=%2Fwp%2Fv2%2Ftags&post=2792"}],"curies":[{"name":"wp","href":"https:\/\/api.w.org\/{rel}","templated":true}]}}