{"id":2799,"date":"2020-02-11T21:31:50","date_gmt":"2020-02-12T03:31:50","guid":{"rendered":"https:\/\/raicesjerezanas.com\/?p=2799"},"modified":"2023-07-14T04:26:28","modified_gmt":"2023-07-14T04:26:28","slug":"continua-la-atencion-a-espacios-publicos","status":"publish","type":"post","link":"https:\/\/raicesjerezanas.com\/?p=2799","title":{"rendered":"CONTIN\u00daA LA ATENCI\u00d3N A ESPACIOS P\u00daBLICOS"},"content":{"rendered":"<p>El Departamento de Parques y Jardines del Gobierno Municipal, contin\u00faa con la atenci\u00f3n a distintos espacios p\u00fablicos con la finalidad de ofrecer a las familias mejores \u00e1reas recreativas y al mismo tiempo embellecer la imagen de Jerez.<\/p>\n<p>Patrocinio Carlos, titular del \u00e1rea, coment\u00f3 que actualmente realizan labores de poda de \u00e1rboles, pasto y arbustos, lo que tambi\u00e9n contribuye a la salubridad de parques, jardines y otros espacios de esparcimiento en la cabecera municipal y comunidades.<\/p>\n<p>Dicho operativo se redobl\u00f3 en \u00faltimos d\u00edas debido a la presencia de vientos fuertes, por lo que se podaron ejemplares de eucalipto, cedro y otros \u00e1rboles considerados como un riesgo para los ciudadanos.<\/p>\n<p>As\u00ed se realizaron trabajos frente al jard\u00edn Independencia, en las instalaciones de la Feria y a un costado del Pante\u00f3n de Dolores.<\/p>\n<p>El funcionario invit\u00f3 a los jerezanos a reportar cualquier situaci\u00f3n que pudiera poner en peligro a transe\u00fantes y automovilistas, al tel\u00e9fono 94 9 52 52.<\/p>\n","protected":false},"excerpt":{"rendered":"<div class=\"mh-excerpt\"><p>El Departamento de Parques y Jardines del Gobierno Municipal, contin\u00faa con la atenci\u00f3n a distintos espacios p\u00fablicos con la finalidad de ofrecer a las familias <a class=\"mh-excerpt-more\" href=\"https:\/\/raicesjerezanas.com\/?p=2799\" title=\"CONTIN\u00daA LA ATENCI\u00d3N A ESPACIOS P\u00daBLICOS\">&#8230;<\/a><\/p>\n<\/div>","protected":false},"author":1,"featured_media":2800,"comment_status":"closed","ping_status":"closed","sticky":false,"template":"","format":"standard","meta":{"footnotes":""},"categories":[102],"tags":[],"class_list":["post-2799","post","type-post","status-publish","format-standard","has-post-thumbnail","hentry","category-noticias-de-jerez"],"_links":{"self":[{"href":"https:\/\/raicesjerezanas.com\/index.php?rest_route=\/wp\/v2\/posts\/2799","targetHints":{"allow":["GET"]}}],"collection":[{"href":"https:\/\/raicesjerezanas.com\/index.php?rest_route=\/wp\/v2\/posts"}],"about":[{"href":"https:\/\/raicesjerezanas.com\/index.php?rest_route=\/wp\/v2\/types\/post"}],"author":[{"embeddable":true,"href":"https:\/\/raicesjerezanas.com\/index.php?rest_route=\/wp\/v2\/users\/1"}],"replies":[{"embeddable":true,"href":"https:\/\/raicesjerezanas.com\/index.php?rest_route=%2Fwp%2Fv2%2Fcomments&post=2799"}],"version-history":[{"count":0,"href":"https:\/\/raicesjerezanas.com\/index.php?rest_route=\/wp\/v2\/posts\/2799\/revisions"}],"wp:featuredmedia":[{"embeddable":true,"href":"https:\/\/raicesjerezanas.com\/index.php?rest_route=\/wp\/v2\/media\/2800"}],"wp:attachment":[{"href":"https:\/\/raicesjerezanas.com\/index.php?rest_route=%2Fwp%2Fv2%2Fmedia&parent=2799"}],"wp:term":[{"taxonomy":"category","embeddable":true,"href":"https:\/\/raicesjerezanas.com\/index.php?rest_route=%2Fwp%2Fv2%2Fcategories&post=2799"},{"taxonomy":"post_tag","embeddable":true,"href":"https:\/\/raicesjerezanas.com\/index.php?rest_route=%2Fwp%2Fv2%2Ftags&post=2799"}],"curies":[{"name":"wp","href":"https:\/\/api.w.org\/{rel}","templated":true}]}}