{"id":2801,"date":"2020-02-11T21:37:08","date_gmt":"2020-02-12T03:37:08","guid":{"rendered":"https:\/\/raicesjerezanas.com\/?p=2801"},"modified":"2023-07-14T04:26:28","modified_gmt":"2023-07-14T04:26:28","slug":"convoca-aceves-sanchez-a-trabajar-en-equipo-por-el-campo-jerezano","status":"publish","type":"post","link":"https:\/\/raicesjerezanas.com\/?p=2801","title":{"rendered":"CONVOCA ACEVES S\u00c1NCHEZ A TRABAJAR EN EQUIPO POR EL CAMPO JEREZANO"},"content":{"rendered":"<p>\u00abHagamos equipo\u00bb, expres\u00f3 el Presidente Municipal Antonio Aceves S\u00e1nchez durante su recorrido por la sierra de Jerez con fruticultures de Ord\u00f3\u00f1ez y Palmas Altas.<\/p>\n<p>M\u00e1s de 50 productores de Brise\u00f1o, Guadalupe, Victoria y Sarabia, se reunieron con el alcalde para exponerle sus necesidades m\u00e1s apremiantes.<\/p>\n<p>Aceves S\u00e1nchez los exhort\u00f3 a trabajar en un mismo equipo para dar mejores resultados y elevar su productividad, y refrend\u00f3 que en \u00e9l tienen un aliado que trabajar\u00e1 por su bienestar.<\/p>\n<p>En Ord\u00f3\u00f1ez, se comprometi\u00f3 con apoyar para la adquisici\u00f3n de malla antigranizo y fungicidas para prevenir enfermedades en los huertos, mientras que fruticulores en Palmas Altas solicitaron asesoramiento t\u00e9cnico para mejorar sus cosechas y evitar plagas.<\/p>\n<p>Asimismo el alcalde los invit\u00f3 a sumarse al Programa de Empadronamiento de Productores para que puedan acceder a m\u00e1s y mejores beneficios facilitados por el Ayuntamiento.<\/p>\n<p>A la gira de trabajo acudieron Octavio de la Torre, Director de Desarrollo Econ\u00f3mico y Social, Ram\u00f3n Luj\u00e1n, Jefe de Desarrollo Agropecuario y alumnos de la Facultad de Agricultura Sustentable de la Universidad de Chapingo.<\/p>\n<p>Por \u00faltimo, los productores asistentes reconocieron a Aceves S\u00e1nchez su vocaci\u00f3n de servicio y su compromiso con el campo jerezano.<\/p>\n","protected":false},"excerpt":{"rendered":"<div class=\"mh-excerpt\"><p>\u00abHagamos equipo\u00bb, expres\u00f3 el Presidente Municipal Antonio Aceves S\u00e1nchez durante su recorrido por la sierra de Jerez con fruticultures de Ord\u00f3\u00f1ez y Palmas Altas. M\u00e1s <a class=\"mh-excerpt-more\" href=\"https:\/\/raicesjerezanas.com\/?p=2801\" title=\"CONVOCA ACEVES S\u00c1NCHEZ A TRABAJAR EN EQUIPO POR EL CAMPO JEREZANO\">&#8230;<\/a><\/p>\n<\/div>","protected":false},"author":1,"featured_media":2802,"comment_status":"closed","ping_status":"closed","sticky":false,"template":"","format":"standard","meta":{"footnotes":""},"categories":[102],"tags":[],"class_list":["post-2801","post","type-post","status-publish","format-standard","has-post-thumbnail","hentry","category-noticias-de-jerez"],"_links":{"self":[{"href":"https:\/\/raicesjerezanas.com\/index.php?rest_route=\/wp\/v2\/posts\/2801","targetHints":{"allow":["GET"]}}],"collection":[{"href":"https:\/\/raicesjerezanas.com\/index.php?rest_route=\/wp\/v2\/posts"}],"about":[{"href":"https:\/\/raicesjerezanas.com\/index.php?rest_route=\/wp\/v2\/types\/post"}],"author":[{"embeddable":true,"href":"https:\/\/raicesjerezanas.com\/index.php?rest_route=\/wp\/v2\/users\/1"}],"replies":[{"embeddable":true,"href":"https:\/\/raicesjerezanas.com\/index.php?rest_route=%2Fwp%2Fv2%2Fcomments&post=2801"}],"version-history":[{"count":0,"href":"https:\/\/raicesjerezanas.com\/index.php?rest_route=\/wp\/v2\/posts\/2801\/revisions"}],"wp:featuredmedia":[{"embeddable":true,"href":"https:\/\/raicesjerezanas.com\/index.php?rest_route=\/wp\/v2\/media\/2802"}],"wp:attachment":[{"href":"https:\/\/raicesjerezanas.com\/index.php?rest_route=%2Fwp%2Fv2%2Fmedia&parent=2801"}],"wp:term":[{"taxonomy":"category","embeddable":true,"href":"https:\/\/raicesjerezanas.com\/index.php?rest_route=%2Fwp%2Fv2%2Fcategories&post=2801"},{"taxonomy":"post_tag","embeddable":true,"href":"https:\/\/raicesjerezanas.com\/index.php?rest_route=%2Fwp%2Fv2%2Ftags&post=2801"}],"curies":[{"name":"wp","href":"https:\/\/api.w.org\/{rel}","templated":true}]}}