{"id":2809,"date":"2020-02-12T21:46:55","date_gmt":"2020-02-13T03:46:55","guid":{"rendered":"https:\/\/raicesjerezanas.com\/?p=2809"},"modified":"2023-07-14T04:26:27","modified_gmt":"2023-07-14T04:26:27","slug":"gobierno-municipal-atiende-vialidades-afectadas-por-lluvias","status":"publish","type":"post","link":"https:\/\/raicesjerezanas.com\/?p=2809","title":{"rendered":"GOBIERNO MUNICIPAL ATIENDE VIALIDADES AFECTADAS POR LLUVIAS"},"content":{"rendered":"<p>El Gobierno Municipal que encabeza Antonio Aceves S\u00e1nchez, a trav\u00e9s de la Direcci\u00f3n de Obras y Servicios P\u00fablicos, realiza trabajos de nivelaci\u00f3n de la calle Paseo Alameda en el fraccionamiento Jardines de Ram\u00f3n L\u00f3pez Velarde.<\/p>\n<p>Esto en atenci\u00f3n al reporte de los colonos que solicitaron el servicio ya que las \u00faltimas lluvias provocaron grandes encharcamientos que imposibilitaban el acceso de las familias a sus hogares y el tr\u00e1nsito por la zona.<\/p>\n<p>Los trabajos consisten en sacar mediciones para nivelar la vialidad y evitar desperfectos.<\/p>\n<p>Con maquinaria pesada se compacta material de cantera en una primera capa y en la segunda se aplica el tepetate. As\u00ed, la calle quedar\u00e1 transitable y no se estancar\u00e1 el agua, adem\u00e1s la tierra sobrante se retirar\u00e1 del lugar.<\/p>\n<p>El Director Jos\u00e9 \u00c1ngel Flores Guti\u00e9rrez, precis\u00f3 que la intervenci\u00f3n tiene un 75 por ciento de avance y en pr\u00f3ximos d\u00edas se entregar\u00e1 a los vec<\/p>\n","protected":false},"excerpt":{"rendered":"<div class=\"mh-excerpt\"><p>El Gobierno Municipal que encabeza Antonio Aceves S\u00e1nchez, a trav\u00e9s de la Direcci\u00f3n de Obras y Servicios P\u00fablicos, realiza trabajos de nivelaci\u00f3n de la calle <a class=\"mh-excerpt-more\" href=\"https:\/\/raicesjerezanas.com\/?p=2809\" title=\"GOBIERNO MUNICIPAL ATIENDE VIALIDADES AFECTADAS POR LLUVIAS\">&#8230;<\/a><\/p>\n<\/div>","protected":false},"author":1,"featured_media":2810,"comment_status":"closed","ping_status":"closed","sticky":false,"template":"","format":"standard","meta":{"footnotes":""},"categories":[102],"tags":[],"class_list":["post-2809","post","type-post","status-publish","format-standard","has-post-thumbnail","hentry","category-noticias-de-jerez"],"_links":{"self":[{"href":"https:\/\/raicesjerezanas.com\/index.php?rest_route=\/wp\/v2\/posts\/2809","targetHints":{"allow":["GET"]}}],"collection":[{"href":"https:\/\/raicesjerezanas.com\/index.php?rest_route=\/wp\/v2\/posts"}],"about":[{"href":"https:\/\/raicesjerezanas.com\/index.php?rest_route=\/wp\/v2\/types\/post"}],"author":[{"embeddable":true,"href":"https:\/\/raicesjerezanas.com\/index.php?rest_route=\/wp\/v2\/users\/1"}],"replies":[{"embeddable":true,"href":"https:\/\/raicesjerezanas.com\/index.php?rest_route=%2Fwp%2Fv2%2Fcomments&post=2809"}],"version-history":[{"count":0,"href":"https:\/\/raicesjerezanas.com\/index.php?rest_route=\/wp\/v2\/posts\/2809\/revisions"}],"wp:featuredmedia":[{"embeddable":true,"href":"https:\/\/raicesjerezanas.com\/index.php?rest_route=\/wp\/v2\/media\/2810"}],"wp:attachment":[{"href":"https:\/\/raicesjerezanas.com\/index.php?rest_route=%2Fwp%2Fv2%2Fmedia&parent=2809"}],"wp:term":[{"taxonomy":"category","embeddable":true,"href":"https:\/\/raicesjerezanas.com\/index.php?rest_route=%2Fwp%2Fv2%2Fcategories&post=2809"},{"taxonomy":"post_tag","embeddable":true,"href":"https:\/\/raicesjerezanas.com\/index.php?rest_route=%2Fwp%2Fv2%2Ftags&post=2809"}],"curies":[{"name":"wp","href":"https:\/\/api.w.org\/{rel}","templated":true}]}}