{"id":2811,"date":"2020-02-13T21:48:50","date_gmt":"2020-02-14T03:48:50","guid":{"rendered":"https:\/\/raicesjerezanas.com\/?p=2811"},"modified":"2023-07-14T04:26:26","modified_gmt":"2023-07-14T04:26:26","slug":"capacitan-a-jovenes-en-manejo-de-emergencias","status":"publish","type":"post","link":"https:\/\/raicesjerezanas.com\/?p=2811","title":{"rendered":"CAPACITAN A J\u00d3VENES EN MANEJO DE EMERGENCIAS"},"content":{"rendered":"<p><strong>Promueven la conformaci\u00f3n de Brigadas para la seguridad de la comunidad educativa<\/strong><\/p>\n<p>En cumplimiento al proyecto de seguridad y emergencia escolar, se actualiz\u00f3 el programa interno de Protecci\u00f3n Civil del Colegio de Estudios Cient\u00edficos y Tecnol\u00f3gicos del Estado de Zacatecas (CECYTEZ), con el acompa\u00f1amiento de la Coordinaci\u00f3n Municipal de Protecci\u00f3n Civil.<\/p>\n<p>Personal de la corporaci\u00f3n imparti\u00f3 a los j\u00f3venes estudiantes un Curso de Primeros Auxilios, que en cuatro sesiones complementar\u00e1 las ense\u00f1anzas preventivas, adem\u00e1s de renovar las Brigadas de Prevenci\u00f3n y Respuesta de Emergencias.<\/p>\n<p>La tem\u00e1tica incluye informaci\u00f3n b\u00e1sica en cuatro rubros: Primeros auxilios, Uso y manejo de extintores, Evacuaciones y repliegue, B\u00fasqueda y rescate de posibles v\u00edctimas.<\/p>\n<p>La finalidad del curso, explic\u00f3 Roberto Rosales Col\u00f3n, es estar en condici\u00f3n de proteger a los estudiantes y la gente que les rodea en caso de emergencias o siniestros provocados por fen\u00f3menos naturales o humanos.<\/p>\n<p>Las Brigadas deben integrarse por voluntarios comprometidos; se elige un brigadista por cada 10 personas del plantel y se arma una Brigada por cada servicio impartido en el curso.<\/p>\n<p>Simult\u00e1neamente hubo actividades similares en la Secundaria y Preparatoria Francisco Garc\u00eda Salinas, adem\u00e1s de la Preparatoria V de la Universidad Aut\u00f3noma de Zacatecas (UAZ).<\/p>\n","protected":false},"excerpt":{"rendered":"<div class=\"mh-excerpt\"><p>Promueven la conformaci\u00f3n de Brigadas para la seguridad de la comunidad educativa En cumplimiento al proyecto de seguridad y emergencia escolar, se actualiz\u00f3 el programa <a class=\"mh-excerpt-more\" href=\"https:\/\/raicesjerezanas.com\/?p=2811\" title=\"CAPACITAN A J\u00d3VENES EN MANEJO DE EMERGENCIAS\">&#8230;<\/a><\/p>\n<\/div>","protected":false},"author":1,"featured_media":2812,"comment_status":"closed","ping_status":"closed","sticky":false,"template":"","format":"standard","meta":{"footnotes":""},"categories":[102],"tags":[],"class_list":["post-2811","post","type-post","status-publish","format-standard","has-post-thumbnail","hentry","category-noticias-de-jerez"],"_links":{"self":[{"href":"https:\/\/raicesjerezanas.com\/index.php?rest_route=\/wp\/v2\/posts\/2811","targetHints":{"allow":["GET"]}}],"collection":[{"href":"https:\/\/raicesjerezanas.com\/index.php?rest_route=\/wp\/v2\/posts"}],"about":[{"href":"https:\/\/raicesjerezanas.com\/index.php?rest_route=\/wp\/v2\/types\/post"}],"author":[{"embeddable":true,"href":"https:\/\/raicesjerezanas.com\/index.php?rest_route=\/wp\/v2\/users\/1"}],"replies":[{"embeddable":true,"href":"https:\/\/raicesjerezanas.com\/index.php?rest_route=%2Fwp%2Fv2%2Fcomments&post=2811"}],"version-history":[{"count":0,"href":"https:\/\/raicesjerezanas.com\/index.php?rest_route=\/wp\/v2\/posts\/2811\/revisions"}],"wp:featuredmedia":[{"embeddable":true,"href":"https:\/\/raicesjerezanas.com\/index.php?rest_route=\/wp\/v2\/media\/2812"}],"wp:attachment":[{"href":"https:\/\/raicesjerezanas.com\/index.php?rest_route=%2Fwp%2Fv2%2Fmedia&parent=2811"}],"wp:term":[{"taxonomy":"category","embeddable":true,"href":"https:\/\/raicesjerezanas.com\/index.php?rest_route=%2Fwp%2Fv2%2Fcategories&post=2811"},{"taxonomy":"post_tag","embeddable":true,"href":"https:\/\/raicesjerezanas.com\/index.php?rest_route=%2Fwp%2Fv2%2Ftags&post=2811"}],"curies":[{"name":"wp","href":"https:\/\/api.w.org\/{rel}","templated":true}]}}