{"id":2827,"date":"2020-03-04T20:20:51","date_gmt":"2020-03-05T02:20:51","guid":{"rendered":"https:\/\/raicesjerezanas.com\/?p=2827"},"modified":"2023-07-14T04:25:45","modified_gmt":"2023-07-14T04:25:45","slug":"inicia-el-censo-de-poblacion-y-vivienda-2020-en-jerez","status":"publish","type":"post","link":"https:\/\/raicesjerezanas.com\/?p=2827","title":{"rendered":"INICIA EL CENSO DE POBLACI\u00d3N Y VIVIENDA 2020 EN JEREZ"},"content":{"rendered":"<p>El Alcalde Antonio Aceves S\u00e1nchez fue el primer entrevistado del Censo de Poblaci\u00f3n y Vivienda 2020 en Jerez, a cargo del Instituto Nacional de Estad\u00edstica y Geograf\u00eda (INEGI).<\/p>\n<p>Aprovech\u00f3 la oportunidad para invitar a la poblaci\u00f3n en general para que atiendan a los encuestadores quienes deber\u00e1n presentarse debidamente acreditados.<\/p>\n<p>Expuso que es una responsabilidad como mexicano responder de manera clara ya que derivado del resultado del Censo se toman grandes decisiones a favor del pa\u00eds.<\/p>\n<p>\u201cLa encuesta que hoy inicia es necesaria para que se tomen las mejores decisiones que se ocupan hoy en d\u00eda en la Naci\u00f3n, los invito a que si los encuestadores tocan la puerta de su casa los atiendan, es un tiempo bien invertido\u201d, dijo.<\/p>\n<p>Agreg\u00f3 que la ciudadan\u00eda no debe temer entregar los datos requeridos ya que son confidenciales y el personal del INEGI est\u00e1 debidamente capacitado.<\/p>\n<p>El Censo de Poblaci\u00f3n y Vivienda 2020 se realizar\u00e1 del 2 al 27 de marzo. En el municipio 82 encuestadores recorrer\u00e1n la cabecera y comunidades para recabar datos relacionados con el n\u00famero de habitantes, viviendas y caracter\u00edsticas socioecon\u00f3micas de las familias, entre otros.<\/p>\n","protected":false},"excerpt":{"rendered":"<div class=\"mh-excerpt\"><p>El Alcalde Antonio Aceves S\u00e1nchez fue el primer entrevistado del Censo de Poblaci\u00f3n y Vivienda 2020 en Jerez, a cargo del Instituto Nacional de Estad\u00edstica <a class=\"mh-excerpt-more\" href=\"https:\/\/raicesjerezanas.com\/?p=2827\" title=\"INICIA EL CENSO DE POBLACI\u00d3N Y VIVIENDA 2020 EN JEREZ\">&#8230;<\/a><\/p>\n<\/div>","protected":false},"author":1,"featured_media":2828,"comment_status":"closed","ping_status":"closed","sticky":false,"template":"","format":"standard","meta":{"footnotes":""},"categories":[102],"tags":[],"class_list":["post-2827","post","type-post","status-publish","format-standard","has-post-thumbnail","hentry","category-noticias-de-jerez"],"_links":{"self":[{"href":"https:\/\/raicesjerezanas.com\/index.php?rest_route=\/wp\/v2\/posts\/2827","targetHints":{"allow":["GET"]}}],"collection":[{"href":"https:\/\/raicesjerezanas.com\/index.php?rest_route=\/wp\/v2\/posts"}],"about":[{"href":"https:\/\/raicesjerezanas.com\/index.php?rest_route=\/wp\/v2\/types\/post"}],"author":[{"embeddable":true,"href":"https:\/\/raicesjerezanas.com\/index.php?rest_route=\/wp\/v2\/users\/1"}],"replies":[{"embeddable":true,"href":"https:\/\/raicesjerezanas.com\/index.php?rest_route=%2Fwp%2Fv2%2Fcomments&post=2827"}],"version-history":[{"count":0,"href":"https:\/\/raicesjerezanas.com\/index.php?rest_route=\/wp\/v2\/posts\/2827\/revisions"}],"wp:featuredmedia":[{"embeddable":true,"href":"https:\/\/raicesjerezanas.com\/index.php?rest_route=\/wp\/v2\/media\/2828"}],"wp:attachment":[{"href":"https:\/\/raicesjerezanas.com\/index.php?rest_route=%2Fwp%2Fv2%2Fmedia&parent=2827"}],"wp:term":[{"taxonomy":"category","embeddable":true,"href":"https:\/\/raicesjerezanas.com\/index.php?rest_route=%2Fwp%2Fv2%2Fcategories&post=2827"},{"taxonomy":"post_tag","embeddable":true,"href":"https:\/\/raicesjerezanas.com\/index.php?rest_route=%2Fwp%2Fv2%2Ftags&post=2827"}],"curies":[{"name":"wp","href":"https:\/\/api.w.org\/{rel}","templated":true}]}}