{"id":2829,"date":"2020-03-02T23:07:57","date_gmt":"2020-03-03T05:07:57","guid":{"rendered":"https:\/\/raicesjerezanas.com\/?p=2829"},"modified":"2023-07-14T04:25:47","modified_gmt":"2023-07-14T04:25:47","slug":"develan-fotos-de-las-candidatas-a-reina-de-la-feria-de-primavera-jerez-2020","status":"publish","type":"post","link":"https:\/\/raicesjerezanas.com\/?p=2829","title":{"rendered":"DEVELAN FOTOS DE LAS CANDIDATAS A REINA DE LA FERIA DE PRIMAVERA JEREZ 2020"},"content":{"rendered":"<p>La belleza jerezana qued\u00f3 plasmada en las fotograf\u00edas oficiales de Mariana, Karina y Galilea, candidatas a Reina de la Feria de Primavera Jerez 2020.<\/p>\n<p>En el jard\u00edn Rafael P\u00e1ez, el Presidente Antonio Aceves S\u00e1nchez invit\u00f3 a las tres j\u00f3venes a esforzarse y representar con orgullo a su tierra.<\/p>\n<p>Asegur\u00f3 que Jerez es fiesta, uni\u00f3n familiar y amistad, lo que lo cataloga como el Pueblo M\u00e1gico m\u00e1s alegre de M\u00e9xico y en la edici\u00f3n 2020 de la Feria no ser\u00e1 la excepci\u00f3n.<\/p>\n<p>As\u00ed invit\u00f3 a las familias y visitantes a ser parte de la m\u00e1xima fiesta de los jerezanos del 8 al 20 de abril, periodo en el que se ofrecer\u00e1n eventos para todos los gustos.<\/p>\n<p>Las tres bellas aspirantes engalanaron la noche con su porte y sencillez, para luego develar los retratos ante familia y amigos que las apoyaron en cada momento al ritmo de porras, matracas y la tradicional tambora.<\/p>\n<p>En el evento estuvieron presentes la Presidenta Honor\u00edfica del DIF Municipal Nayeli \u00c1lvarez Haro, Rutilo Carrera, Presidente del Comit\u00e9 Organizador, Karen I, Reina de la Feria de Primavera 2019, entre m\u00e1s funcionarios del Ayuntamiento.<\/p>\n","protected":false},"excerpt":{"rendered":"<div class=\"mh-excerpt\"><p>La belleza jerezana qued\u00f3 plasmada en las fotograf\u00edas oficiales de Mariana, Karina y Galilea, candidatas a Reina de la Feria de Primavera Jerez 2020. En <a class=\"mh-excerpt-more\" href=\"https:\/\/raicesjerezanas.com\/?p=2829\" title=\"DEVELAN FOTOS DE LAS CANDIDATAS A REINA DE LA FERIA DE PRIMAVERA JEREZ 2020\">&#8230;<\/a><\/p>\n<\/div>","protected":false},"author":1,"featured_media":2830,"comment_status":"closed","ping_status":"closed","sticky":false,"template":"","format":"standard","meta":{"footnotes":""},"categories":[102],"tags":[],"class_list":["post-2829","post","type-post","status-publish","format-standard","has-post-thumbnail","hentry","category-noticias-de-jerez"],"_links":{"self":[{"href":"https:\/\/raicesjerezanas.com\/index.php?rest_route=\/wp\/v2\/posts\/2829","targetHints":{"allow":["GET"]}}],"collection":[{"href":"https:\/\/raicesjerezanas.com\/index.php?rest_route=\/wp\/v2\/posts"}],"about":[{"href":"https:\/\/raicesjerezanas.com\/index.php?rest_route=\/wp\/v2\/types\/post"}],"author":[{"embeddable":true,"href":"https:\/\/raicesjerezanas.com\/index.php?rest_route=\/wp\/v2\/users\/1"}],"replies":[{"embeddable":true,"href":"https:\/\/raicesjerezanas.com\/index.php?rest_route=%2Fwp%2Fv2%2Fcomments&post=2829"}],"version-history":[{"count":0,"href":"https:\/\/raicesjerezanas.com\/index.php?rest_route=\/wp\/v2\/posts\/2829\/revisions"}],"wp:featuredmedia":[{"embeddable":true,"href":"https:\/\/raicesjerezanas.com\/index.php?rest_route=\/wp\/v2\/media\/2830"}],"wp:attachment":[{"href":"https:\/\/raicesjerezanas.com\/index.php?rest_route=%2Fwp%2Fv2%2Fmedia&parent=2829"}],"wp:term":[{"taxonomy":"category","embeddable":true,"href":"https:\/\/raicesjerezanas.com\/index.php?rest_route=%2Fwp%2Fv2%2Fcategories&post=2829"},{"taxonomy":"post_tag","embeddable":true,"href":"https:\/\/raicesjerezanas.com\/index.php?rest_route=%2Fwp%2Fv2%2Ftags&post=2829"}],"curies":[{"name":"wp","href":"https:\/\/api.w.org\/{rel}","templated":true}]}}