{"id":2833,"date":"2020-03-07T20:42:30","date_gmt":"2020-03-08T02:42:30","guid":{"rendered":"https:\/\/raicesjerezanas.com\/?p=2833"},"modified":"2023-07-14T04:25:44","modified_gmt":"2023-07-14T04:25:44","slug":"recibe-jerez-a-andres-manuel-lopez-obrador-presidente-de-la-republica","status":"publish","type":"post","link":"https:\/\/raicesjerezanas.com\/?p=2833","title":{"rendered":"RECIBE JEREZ A ANDR\u00c9S MANUEL L\u00d3PEZ OBRADOR, PRESIDENTE DE LA REP\u00daBLICA"},"content":{"rendered":"<p>En la visita a Jerez del Presidente de la Rep\u00fablica, Andr\u00e9s Manuel L\u00f3pez Obrador, el Alcalde Antonio Aceves S\u00e1nchez reafirm\u00f3 los lazos de trabajo y unidad a favor de las familias.<\/p>\n<p>Como parte de la presentaci\u00f3n del avance de los Programas Integrales para el Bienestar, L\u00f3pez Obrador destac\u00f3 que en Zacatecas y especialmente en Jerez se efect\u00faan acciones conjuntas para favorecer a todos los sectores.<\/p>\n<p>Entre tales beneficios inform\u00f3 la entrega de 39 becas a universitarios y 2 mil 271 a estudiantes de preparatoria, 245 egresados del programa J\u00f3venes\u00a0Construyendo el Futuro, 750 apoyos a familias con hijos estudiantes de nivel b\u00e1sico y a 323 peque\u00f1os de estancias infantiles.<\/p>\n<p>Asimismo se beneficia a 6 mil 647 adultos mayores, 145 personas con discapacidad y mil 200 productores.<\/p>\n<p>Al concluir el acto protocolario en el Lienzo Charro P\u00f3ker de Ases, Aceves S\u00e1nchez le entreg\u00f3 un documento con el compendio de necesidades prioritarias de la demarcaci\u00f3n relacionadas con medio ambiente, salud y mejora de caminos.<\/p>\n<p>Tambi\u00e9n estuvieron presentes Beatriz Guti\u00e9rrez M\u00fcller, esposa del Ejecutivo Federal, el Gobernador del Estado Alejandro Tello, as\u00ed como Senadores y beneficiarios de Bienestar.<\/p>\n","protected":false},"excerpt":{"rendered":"<div class=\"mh-excerpt\"><p>En la visita a Jerez del Presidente de la Rep\u00fablica, Andr\u00e9s Manuel L\u00f3pez Obrador, el Alcalde Antonio Aceves S\u00e1nchez reafirm\u00f3 los lazos de trabajo y <a class=\"mh-excerpt-more\" href=\"https:\/\/raicesjerezanas.com\/?p=2833\" title=\"RECIBE JEREZ A ANDR\u00c9S MANUEL L\u00d3PEZ OBRADOR, PRESIDENTE DE LA REP\u00daBLICA\">&#8230;<\/a><\/p>\n<\/div>","protected":false},"author":1,"featured_media":2834,"comment_status":"closed","ping_status":"closed","sticky":false,"template":"","format":"standard","meta":{"footnotes":""},"categories":[102],"tags":[],"class_list":["post-2833","post","type-post","status-publish","format-standard","has-post-thumbnail","hentry","category-noticias-de-jerez"],"_links":{"self":[{"href":"https:\/\/raicesjerezanas.com\/index.php?rest_route=\/wp\/v2\/posts\/2833","targetHints":{"allow":["GET"]}}],"collection":[{"href":"https:\/\/raicesjerezanas.com\/index.php?rest_route=\/wp\/v2\/posts"}],"about":[{"href":"https:\/\/raicesjerezanas.com\/index.php?rest_route=\/wp\/v2\/types\/post"}],"author":[{"embeddable":true,"href":"https:\/\/raicesjerezanas.com\/index.php?rest_route=\/wp\/v2\/users\/1"}],"replies":[{"embeddable":true,"href":"https:\/\/raicesjerezanas.com\/index.php?rest_route=%2Fwp%2Fv2%2Fcomments&post=2833"}],"version-history":[{"count":0,"href":"https:\/\/raicesjerezanas.com\/index.php?rest_route=\/wp\/v2\/posts\/2833\/revisions"}],"wp:featuredmedia":[{"embeddable":true,"href":"https:\/\/raicesjerezanas.com\/index.php?rest_route=\/wp\/v2\/media\/2834"}],"wp:attachment":[{"href":"https:\/\/raicesjerezanas.com\/index.php?rest_route=%2Fwp%2Fv2%2Fmedia&parent=2833"}],"wp:term":[{"taxonomy":"category","embeddable":true,"href":"https:\/\/raicesjerezanas.com\/index.php?rest_route=%2Fwp%2Fv2%2Fcategories&post=2833"},{"taxonomy":"post_tag","embeddable":true,"href":"https:\/\/raicesjerezanas.com\/index.php?rest_route=%2Fwp%2Fv2%2Ftags&post=2833"}],"curies":[{"name":"wp","href":"https:\/\/api.w.org\/{rel}","templated":true}]}}