{"id":2836,"date":"2020-03-08T17:12:40","date_gmt":"2020-03-08T23:12:40","guid":{"rendered":"https:\/\/raicesjerezanas.com\/?p=2836"},"modified":"2023-07-14T04:25:44","modified_gmt":"2023-07-14T04:25:44","slug":"realizaran-segunda-feria-estatal-de-la-artesania-en-jerez","status":"publish","type":"post","link":"https:\/\/raicesjerezanas.com\/?p=2836","title":{"rendered":"REALIZAR\u00c1N SEGUNDA FERIA ESTATAL DE LA ARTESAN\u00cdA EN JEREZ"},"content":{"rendered":"<p>Hablar de artesan\u00eda es hablar de tradici\u00f3n, es el slogan de la segunda edici\u00f3n de la Feria Estatal de la Artesan\u00eda, que tendr\u00e1 lugar el pr\u00f3ximo 14 y 15 de marzo en Jerez Pueblo M\u00e1gico.<\/p>\n<p>Bajo la organizaci\u00f3n del Departamento de Turismo Municipal y con respaldo de la Subsecretar\u00eda de Desarrollo Artesanal, el objetivo es promover las piezas elaboradas por manos jerezanas e impulsar la econom\u00eda local, uno de los principales ejes del Gobierno de Antonio Aceves S\u00e1nchez.<\/p>\n<p>Alba Dena Pereyra, titular de Turismo Municipal, indic\u00f3 que la Segunda Feria Estatal de la Artesan\u00eda se realizar\u00e1 en la Plaza Principal con la participaci\u00f3n de 15 expositores<\/p>\n<p>de todo el estado, 17 jerezanos, los cinco Pueblos M\u00e1gicos y como invitados especiales Ojocaliente y Jim\u00e9nez del Te\u00fal.<\/p>\n<p>Para complementar la muestra y venta artesanal se presentar\u00e1n diferentes artistas locales y grupos de danza.<\/p>\n","protected":false},"excerpt":{"rendered":"<div class=\"mh-excerpt\"><p>Hablar de artesan\u00eda es hablar de tradici\u00f3n, es el slogan de la segunda edici\u00f3n de la Feria Estatal de la Artesan\u00eda, que tendr\u00e1 lugar el <a class=\"mh-excerpt-more\" href=\"https:\/\/raicesjerezanas.com\/?p=2836\" title=\"REALIZAR\u00c1N SEGUNDA FERIA ESTATAL DE LA ARTESAN\u00cdA EN JEREZ\">&#8230;<\/a><\/p>\n<\/div>","protected":false},"author":1,"featured_media":2837,"comment_status":"closed","ping_status":"closed","sticky":false,"template":"","format":"standard","meta":{"footnotes":""},"categories":[102],"tags":[],"class_list":["post-2836","post","type-post","status-publish","format-standard","has-post-thumbnail","hentry","category-noticias-de-jerez"],"_links":{"self":[{"href":"https:\/\/raicesjerezanas.com\/index.php?rest_route=\/wp\/v2\/posts\/2836","targetHints":{"allow":["GET"]}}],"collection":[{"href":"https:\/\/raicesjerezanas.com\/index.php?rest_route=\/wp\/v2\/posts"}],"about":[{"href":"https:\/\/raicesjerezanas.com\/index.php?rest_route=\/wp\/v2\/types\/post"}],"author":[{"embeddable":true,"href":"https:\/\/raicesjerezanas.com\/index.php?rest_route=\/wp\/v2\/users\/1"}],"replies":[{"embeddable":true,"href":"https:\/\/raicesjerezanas.com\/index.php?rest_route=%2Fwp%2Fv2%2Fcomments&post=2836"}],"version-history":[{"count":0,"href":"https:\/\/raicesjerezanas.com\/index.php?rest_route=\/wp\/v2\/posts\/2836\/revisions"}],"wp:featuredmedia":[{"embeddable":true,"href":"https:\/\/raicesjerezanas.com\/index.php?rest_route=\/wp\/v2\/media\/2837"}],"wp:attachment":[{"href":"https:\/\/raicesjerezanas.com\/index.php?rest_route=%2Fwp%2Fv2%2Fmedia&parent=2836"}],"wp:term":[{"taxonomy":"category","embeddable":true,"href":"https:\/\/raicesjerezanas.com\/index.php?rest_route=%2Fwp%2Fv2%2Fcategories&post=2836"},{"taxonomy":"post_tag","embeddable":true,"href":"https:\/\/raicesjerezanas.com\/index.php?rest_route=%2Fwp%2Fv2%2Ftags&post=2836"}],"curies":[{"name":"wp","href":"https:\/\/api.w.org\/{rel}","templated":true}]}}