{"id":2838,"date":"2020-03-04T19:22:46","date_gmt":"2020-03-05T01:22:46","guid":{"rendered":"https:\/\/raicesjerezanas.com\/?p=2838"},"modified":"2023-07-14T04:25:45","modified_gmt":"2023-07-14T04:25:45","slug":"organizan-desfile-de-feria-2020","status":"publish","type":"post","link":"https:\/\/raicesjerezanas.com\/?p=2838","title":{"rendered":"ORGANIZAN DESFILE DE FERIA 2020"},"content":{"rendered":"<p><strong>-Invitan a conferencia sobre la no violencia en la ni\u00f1ez<\/strong><\/p>\n<p>La Coordinaci\u00f3n Municipal de Educaci\u00f3n comenz\u00f3 con los preparativos para el Desfile de Feria de Primavera 2020 en conjunto con representantes de instituciones educativas.<\/p>\n<p>El Alcalde Antonio Aceves S\u00e1nchez les manifest\u00f3 admiraci\u00f3n por cada una de sus intervenciones en eventos como los desfiles de Carnaval, y los invit\u00f3 a que en la pr\u00f3xima Feria se integren con n\u00fameros que rescaten las tradiciones art\u00edsticas y musicales de Jerez.<\/p>\n<p>La Coordinadora Silvia Cabral Mu\u00f1oz precis\u00f3 que el contingente partir\u00e1 de la glorieta Garc\u00eda Salinas hasta el puente del r\u00edo Grande, el domingo 12 de abril a las 11 de la ma\u00f1ana.<\/p>\n<p>Asimismo, se extendi\u00f3 una invitaci\u00f3n a la comunidad educativa para la conferencia, \u00abLos buenos tratos en la infancia, ant\u00eddoto contra la violencia\u00bb, impartida por Gaudencio Rodr\u00edguez el jueves 19 de marzo a las 6 de la tarde en el teatro Hinojosa.<\/p>\n","protected":false},"excerpt":{"rendered":"<div class=\"mh-excerpt\"><p>-Invitan a conferencia sobre la no violencia en la ni\u00f1ez La Coordinaci\u00f3n Municipal de Educaci\u00f3n comenz\u00f3 con los preparativos para el Desfile de Feria de <a class=\"mh-excerpt-more\" href=\"https:\/\/raicesjerezanas.com\/?p=2838\" title=\"ORGANIZAN DESFILE DE FERIA 2020\">&#8230;<\/a><\/p>\n<\/div>","protected":false},"author":1,"featured_media":2839,"comment_status":"closed","ping_status":"closed","sticky":false,"template":"","format":"standard","meta":{"footnotes":""},"categories":[102],"tags":[],"class_list":["post-2838","post","type-post","status-publish","format-standard","has-post-thumbnail","hentry","category-noticias-de-jerez"],"_links":{"self":[{"href":"https:\/\/raicesjerezanas.com\/index.php?rest_route=\/wp\/v2\/posts\/2838","targetHints":{"allow":["GET"]}}],"collection":[{"href":"https:\/\/raicesjerezanas.com\/index.php?rest_route=\/wp\/v2\/posts"}],"about":[{"href":"https:\/\/raicesjerezanas.com\/index.php?rest_route=\/wp\/v2\/types\/post"}],"author":[{"embeddable":true,"href":"https:\/\/raicesjerezanas.com\/index.php?rest_route=\/wp\/v2\/users\/1"}],"replies":[{"embeddable":true,"href":"https:\/\/raicesjerezanas.com\/index.php?rest_route=%2Fwp%2Fv2%2Fcomments&post=2838"}],"version-history":[{"count":0,"href":"https:\/\/raicesjerezanas.com\/index.php?rest_route=\/wp\/v2\/posts\/2838\/revisions"}],"wp:featuredmedia":[{"embeddable":true,"href":"https:\/\/raicesjerezanas.com\/index.php?rest_route=\/wp\/v2\/media\/2839"}],"wp:attachment":[{"href":"https:\/\/raicesjerezanas.com\/index.php?rest_route=%2Fwp%2Fv2%2Fmedia&parent=2838"}],"wp:term":[{"taxonomy":"category","embeddable":true,"href":"https:\/\/raicesjerezanas.com\/index.php?rest_route=%2Fwp%2Fv2%2Fcategories&post=2838"},{"taxonomy":"post_tag","embeddable":true,"href":"https:\/\/raicesjerezanas.com\/index.php?rest_route=%2Fwp%2Fv2%2Ftags&post=2838"}],"curies":[{"name":"wp","href":"https:\/\/api.w.org\/{rel}","templated":true}]}}