{"id":2844,"date":"2020-03-05T19:37:09","date_gmt":"2020-03-06T01:37:09","guid":{"rendered":"https:\/\/raicesjerezanas.com\/?p=2844"},"modified":"2023-07-14T04:25:45","modified_gmt":"2023-07-14T04:25:45","slug":"integran-observatorio-ciudadano-en-jerez","status":"publish","type":"post","link":"https:\/\/raicesjerezanas.com\/?p=2844","title":{"rendered":"INTEGRAN OBSERVATORIO CIUDADANO EN JEREZ"},"content":{"rendered":"<p>Jerez ahora cuenta con un Observatorio Ciudadano integrado por representantes del sector educativo, comercial, profesionistas y de la administraci\u00f3n p\u00fablica, que busca vigilar la correcta distribuci\u00f3n de apoyos otorgados por la SEDUVOP.<\/p>\n<p>Luego de ser convocados por el Departamento de Planeaci\u00f3n Municipal y la Secretaria de Desarrollo Urbano, Vivienda y Obras P\u00fablicas (SEDUVOP), se conform\u00f3 el Observatorio con un 70 por ciento de representantes de la sociedad y el 30 por ciento del Ayuntamiento 2018-2021.<\/p>\n<p>En la sesi\u00f3n resultaron electos Benito Ju\u00e1rez Garc\u00eda, Director del Instituto Tecnol\u00f3gico Superior de Jerez (ITSJ), Fernando S\u00e1nchez Jaramillo de la C\u00e1mara de Comercio (CANACO) Delegaci\u00f3n Jerez y Jos\u00e9 Alonso Garc\u00eda del Colegio de Ingenieros.<\/p>\n<p>En cumplimiento a la Ley General de Asentamientos Humanos, Ordenamiento Territorial y Desarrollo Urbano, se dar\u00e1 seguimiento a la investigaci\u00f3n de nuevos modelos de pol\u00edticas urbanas y regionales para espacios p\u00fablicos, adem\u00e1s de la difusi\u00f3n de resultados y transparencia de recursos en cada uno de los programas.<\/p>\n","protected":false},"excerpt":{"rendered":"<div class=\"mh-excerpt\"><p>Jerez ahora cuenta con un Observatorio Ciudadano integrado por representantes del sector educativo, comercial, profesionistas y de la administraci\u00f3n p\u00fablica, que busca vigilar la correcta <a class=\"mh-excerpt-more\" href=\"https:\/\/raicesjerezanas.com\/?p=2844\" title=\"INTEGRAN OBSERVATORIO CIUDADANO EN JEREZ\">&#8230;<\/a><\/p>\n<\/div>","protected":false},"author":1,"featured_media":2845,"comment_status":"closed","ping_status":"closed","sticky":false,"template":"","format":"standard","meta":{"footnotes":""},"categories":[102],"tags":[],"class_list":["post-2844","post","type-post","status-publish","format-standard","has-post-thumbnail","hentry","category-noticias-de-jerez"],"_links":{"self":[{"href":"https:\/\/raicesjerezanas.com\/index.php?rest_route=\/wp\/v2\/posts\/2844","targetHints":{"allow":["GET"]}}],"collection":[{"href":"https:\/\/raicesjerezanas.com\/index.php?rest_route=\/wp\/v2\/posts"}],"about":[{"href":"https:\/\/raicesjerezanas.com\/index.php?rest_route=\/wp\/v2\/types\/post"}],"author":[{"embeddable":true,"href":"https:\/\/raicesjerezanas.com\/index.php?rest_route=\/wp\/v2\/users\/1"}],"replies":[{"embeddable":true,"href":"https:\/\/raicesjerezanas.com\/index.php?rest_route=%2Fwp%2Fv2%2Fcomments&post=2844"}],"version-history":[{"count":0,"href":"https:\/\/raicesjerezanas.com\/index.php?rest_route=\/wp\/v2\/posts\/2844\/revisions"}],"wp:featuredmedia":[{"embeddable":true,"href":"https:\/\/raicesjerezanas.com\/index.php?rest_route=\/wp\/v2\/media\/2845"}],"wp:attachment":[{"href":"https:\/\/raicesjerezanas.com\/index.php?rest_route=%2Fwp%2Fv2%2Fmedia&parent=2844"}],"wp:term":[{"taxonomy":"category","embeddable":true,"href":"https:\/\/raicesjerezanas.com\/index.php?rest_route=%2Fwp%2Fv2%2Fcategories&post=2844"},{"taxonomy":"post_tag","embeddable":true,"href":"https:\/\/raicesjerezanas.com\/index.php?rest_route=%2Fwp%2Fv2%2Ftags&post=2844"}],"curies":[{"name":"wp","href":"https:\/\/api.w.org\/{rel}","templated":true}]}}