{"id":2847,"date":"2020-03-07T19:40:00","date_gmt":"2020-03-08T01:40:00","guid":{"rendered":"https:\/\/raicesjerezanas.com\/?p=2847"},"modified":"2023-07-14T04:25:44","modified_gmt":"2023-07-14T04:25:44","slug":"dan-mantenimiento-al-mercado-municipal-benito-juarez-2","status":"publish","type":"post","link":"https:\/\/raicesjerezanas.com\/?p=2847","title":{"rendered":"DAN MANTENIMIENTO AL MERCADO MUNICIPAL BENITO JU\u00c1REZ"},"content":{"rendered":"<p>El Mercado Municipal Benito Ju\u00e1rez fue intervenido por personal del Departamento de Pintura de la Subdirecci\u00f3n de Servicios P\u00fablicos con el objetivo de mantenerlo en \u00f3ptimas condiciones para sus usuarios.<\/p>\n<p>Personal del \u00e1rea pint\u00f3 interior y exterior del imueble, se\u00f1al\u00e9tica de estacionamiento de carga y descarga, guarniciones de banquetas y rampas para discapacitados.<\/p>\n<p>Esto para facilitar el acceso de clientes y locatarios, y tambi\u00e9n evitar congestionamiento vial en la zona al ser uno de los puntos comerciales m\u00e1s visitados de la cabecera municipal.<\/p>\n","protected":false},"excerpt":{"rendered":"<div class=\"mh-excerpt\"><p>El Mercado Municipal Benito Ju\u00e1rez fue intervenido por personal del Departamento de Pintura de la Subdirecci\u00f3n de Servicios P\u00fablicos con el objetivo de mantenerlo en <a class=\"mh-excerpt-more\" href=\"https:\/\/raicesjerezanas.com\/?p=2847\" title=\"DAN MANTENIMIENTO AL MERCADO MUNICIPAL BENITO JU\u00c1REZ\">&#8230;<\/a><\/p>\n<\/div>","protected":false},"author":1,"featured_media":2848,"comment_status":"closed","ping_status":"closed","sticky":false,"template":"","format":"standard","meta":{"footnotes":""},"categories":[102],"tags":[],"class_list":["post-2847","post","type-post","status-publish","format-standard","has-post-thumbnail","hentry","category-noticias-de-jerez"],"_links":{"self":[{"href":"https:\/\/raicesjerezanas.com\/index.php?rest_route=\/wp\/v2\/posts\/2847","targetHints":{"allow":["GET"]}}],"collection":[{"href":"https:\/\/raicesjerezanas.com\/index.php?rest_route=\/wp\/v2\/posts"}],"about":[{"href":"https:\/\/raicesjerezanas.com\/index.php?rest_route=\/wp\/v2\/types\/post"}],"author":[{"embeddable":true,"href":"https:\/\/raicesjerezanas.com\/index.php?rest_route=\/wp\/v2\/users\/1"}],"replies":[{"embeddable":true,"href":"https:\/\/raicesjerezanas.com\/index.php?rest_route=%2Fwp%2Fv2%2Fcomments&post=2847"}],"version-history":[{"count":0,"href":"https:\/\/raicesjerezanas.com\/index.php?rest_route=\/wp\/v2\/posts\/2847\/revisions"}],"wp:featuredmedia":[{"embeddable":true,"href":"https:\/\/raicesjerezanas.com\/index.php?rest_route=\/wp\/v2\/media\/2848"}],"wp:attachment":[{"href":"https:\/\/raicesjerezanas.com\/index.php?rest_route=%2Fwp%2Fv2%2Fmedia&parent=2847"}],"wp:term":[{"taxonomy":"category","embeddable":true,"href":"https:\/\/raicesjerezanas.com\/index.php?rest_route=%2Fwp%2Fv2%2Fcategories&post=2847"},{"taxonomy":"post_tag","embeddable":true,"href":"https:\/\/raicesjerezanas.com\/index.php?rest_route=%2Fwp%2Fv2%2Ftags&post=2847"}],"curies":[{"name":"wp","href":"https:\/\/api.w.org\/{rel}","templated":true}]}}