{"id":2849,"date":"2020-03-06T19:43:49","date_gmt":"2020-03-07T01:43:49","guid":{"rendered":"https:\/\/raicesjerezanas.com\/?p=2849"},"modified":"2023-07-14T04:25:44","modified_gmt":"2023-07-14T04:25:44","slug":"presentan-a-toda-maquina-en-la-calle-del-espejo","status":"publish","type":"post","link":"https:\/\/raicesjerezanas.com\/?p=2849","title":{"rendered":"PRESENTAN A TODA M\u00c1QUINA EN LA CALLE DEL ESPEJO"},"content":{"rendered":"<p>Por tercer jueves consecutivo, el Cine de la calle Del Espejo fue un \u00e9xito con la protecci\u00f3n de A toda m\u00e1quina, comedia del cine de oro protagonizada por el \u00eddolo de M\u00e9xico Pedro Infante.<\/p>\n<p>El Departamento de Turismo Municipal y la Botica del caf\u00e9 volvieron a reunir a varias familias jerezanas que admiraron el filme y pudieron disfrutar de ricos alimentos y bebidas.<\/p>\n<p>El programa continuar\u00e1 el pr\u00f3ximo 12 de marzo con el drama brit\u00e1nico de Helena Bonham Carter, El discurso del Rey, por lo que se invita a la poblaci\u00f3n para que asistan a la funci\u00f3n gratuita a partir de las 8 de la noche.<\/p>\n","protected":false},"excerpt":{"rendered":"<div class=\"mh-excerpt\"><p>Por tercer jueves consecutivo, el Cine de la calle Del Espejo fue un \u00e9xito con la protecci\u00f3n de A toda m\u00e1quina, comedia del cine de <a class=\"mh-excerpt-more\" href=\"https:\/\/raicesjerezanas.com\/?p=2849\" title=\"PRESENTAN A TODA M\u00c1QUINA EN LA CALLE DEL ESPEJO\">&#8230;<\/a><\/p>\n<\/div>","protected":false},"author":1,"featured_media":2850,"comment_status":"closed","ping_status":"closed","sticky":false,"template":"","format":"standard","meta":{"footnotes":""},"categories":[102],"tags":[],"class_list":["post-2849","post","type-post","status-publish","format-standard","has-post-thumbnail","hentry","category-noticias-de-jerez"],"_links":{"self":[{"href":"https:\/\/raicesjerezanas.com\/index.php?rest_route=\/wp\/v2\/posts\/2849","targetHints":{"allow":["GET"]}}],"collection":[{"href":"https:\/\/raicesjerezanas.com\/index.php?rest_route=\/wp\/v2\/posts"}],"about":[{"href":"https:\/\/raicesjerezanas.com\/index.php?rest_route=\/wp\/v2\/types\/post"}],"author":[{"embeddable":true,"href":"https:\/\/raicesjerezanas.com\/index.php?rest_route=\/wp\/v2\/users\/1"}],"replies":[{"embeddable":true,"href":"https:\/\/raicesjerezanas.com\/index.php?rest_route=%2Fwp%2Fv2%2Fcomments&post=2849"}],"version-history":[{"count":0,"href":"https:\/\/raicesjerezanas.com\/index.php?rest_route=\/wp\/v2\/posts\/2849\/revisions"}],"wp:featuredmedia":[{"embeddable":true,"href":"https:\/\/raicesjerezanas.com\/index.php?rest_route=\/wp\/v2\/media\/2850"}],"wp:attachment":[{"href":"https:\/\/raicesjerezanas.com\/index.php?rest_route=%2Fwp%2Fv2%2Fmedia&parent=2849"}],"wp:term":[{"taxonomy":"category","embeddable":true,"href":"https:\/\/raicesjerezanas.com\/index.php?rest_route=%2Fwp%2Fv2%2Fcategories&post=2849"},{"taxonomy":"post_tag","embeddable":true,"href":"https:\/\/raicesjerezanas.com\/index.php?rest_route=%2Fwp%2Fv2%2Ftags&post=2849"}],"curies":[{"name":"wp","href":"https:\/\/api.w.org\/{rel}","templated":true}]}}