{"id":2856,"date":"2020-03-03T19:53:13","date_gmt":"2020-03-04T01:53:13","guid":{"rendered":"https:\/\/raicesjerezanas.com\/?p=2856"},"modified":"2023-07-14T04:25:46","modified_gmt":"2023-07-14T04:25:46","slug":"buscan-talentos-jerezanos-para-draft-de-basquetbol","status":"publish","type":"post","link":"https:\/\/raicesjerezanas.com\/?p=2856","title":{"rendered":"BUSCAN TALENTOS JEREZANOS PARA DRAFT DE B\u00c1SQUETBOL"},"content":{"rendered":"<p>El Gobierno Municipal a trav\u00e9s de la Coordinaci\u00f3n del Deporte organiz\u00f3 jornadas de selecci\u00f3n para los Durazneros de Jerez en la rama de B\u00e1squetbol.<\/p>\n<p>En el Auditorio Genaro Borrego Estrada, se realizaron las pruebas para categor\u00edas Juvenil y Libre, con la participaci\u00f3n de m\u00e1s de 50 deportistas.<\/p>\n<p>El Coordinador Carlos Dorado Orozco precis\u00f3 que la intenci\u00f3n es continuar con la promoci\u00f3n del deporte como una alternativa de bienestar para los ciudadanos, y a la vez impulsar nuevos talentos deportivos.<\/p>\n<p>Los entrenamientos continuar\u00e1n hasta el pr\u00f3ximo 21 y 22 de marzo que tendr\u00e1 lugar el Draft en el municipio de Sombrerete, para iniciar el torneo el d\u00eda 28.<\/p>\n","protected":false},"excerpt":{"rendered":"<div class=\"mh-excerpt\"><p>El Gobierno Municipal a trav\u00e9s de la Coordinaci\u00f3n del Deporte organiz\u00f3 jornadas de selecci\u00f3n para los Durazneros de Jerez en la rama de B\u00e1squetbol. En <a class=\"mh-excerpt-more\" href=\"https:\/\/raicesjerezanas.com\/?p=2856\" title=\"BUSCAN TALENTOS JEREZANOS PARA DRAFT DE B\u00c1SQUETBOL\">&#8230;<\/a><\/p>\n<\/div>","protected":false},"author":1,"featured_media":2857,"comment_status":"closed","ping_status":"closed","sticky":false,"template":"","format":"standard","meta":{"footnotes":""},"categories":[102],"tags":[],"class_list":["post-2856","post","type-post","status-publish","format-standard","has-post-thumbnail","hentry","category-noticias-de-jerez"],"_links":{"self":[{"href":"https:\/\/raicesjerezanas.com\/index.php?rest_route=\/wp\/v2\/posts\/2856","targetHints":{"allow":["GET"]}}],"collection":[{"href":"https:\/\/raicesjerezanas.com\/index.php?rest_route=\/wp\/v2\/posts"}],"about":[{"href":"https:\/\/raicesjerezanas.com\/index.php?rest_route=\/wp\/v2\/types\/post"}],"author":[{"embeddable":true,"href":"https:\/\/raicesjerezanas.com\/index.php?rest_route=\/wp\/v2\/users\/1"}],"replies":[{"embeddable":true,"href":"https:\/\/raicesjerezanas.com\/index.php?rest_route=%2Fwp%2Fv2%2Fcomments&post=2856"}],"version-history":[{"count":0,"href":"https:\/\/raicesjerezanas.com\/index.php?rest_route=\/wp\/v2\/posts\/2856\/revisions"}],"wp:featuredmedia":[{"embeddable":true,"href":"https:\/\/raicesjerezanas.com\/index.php?rest_route=\/wp\/v2\/media\/2857"}],"wp:attachment":[{"href":"https:\/\/raicesjerezanas.com\/index.php?rest_route=%2Fwp%2Fv2%2Fmedia&parent=2856"}],"wp:term":[{"taxonomy":"category","embeddable":true,"href":"https:\/\/raicesjerezanas.com\/index.php?rest_route=%2Fwp%2Fv2%2Fcategories&post=2856"},{"taxonomy":"post_tag","embeddable":true,"href":"https:\/\/raicesjerezanas.com\/index.php?rest_route=%2Fwp%2Fv2%2Ftags&post=2856"}],"curies":[{"name":"wp","href":"https:\/\/api.w.org\/{rel}","templated":true}]}}