{"id":2858,"date":"2020-03-09T18:08:06","date_gmt":"2020-03-10T00:08:06","guid":{"rendered":"https:\/\/raicesjerezanas.com\/?p=2858"},"modified":"2023-07-14T04:25:44","modified_gmt":"2023-07-14T04:25:44","slug":"rehabilitan-bolardos-de-concreto-en-zona-peatonal-del-jardin-principal-y-plaza-tacuba","status":"publish","type":"post","link":"https:\/\/raicesjerezanas.com\/?p=2858","title":{"rendered":"REHABILITAN BOLARDOS DE CONCRETO EN ZONA PEATONAL DEL JARD\u00cdN PRINCIPAL Y PLAZA TACUBA"},"content":{"rendered":"<p>Jos\u00e9 \u00c1ngel Flores Guti\u00e9rrez, Director de Obras y Servicios P\u00fablicos, coment\u00f3 que iniciaron los trabajos de rehabilitaci\u00f3n de los bolardos de concreto en las inmediaciones del jard\u00edn principal Rafael P\u00e1ez y plaza Tacuba.<\/p>\n<p>Flores Guti\u00e9rrez se\u00f1al\u00f3 que en total se rehabilitaran 26 postes fantasmas en los distintos accesos de los lugares indicados, lo anterior con la intenci\u00f3n de salvaguardar las \u00e1reas peatonales y dar mayor tranquilidad a los transe\u00fantes que caminan en el \u00e1rea.<\/p>\n<p>\u201cTenemos mucha inconformidad por parte de la ciudadan\u00eda, debido a que motocicletas circulan en zonas peatonales y pueden causar alg\u00fan accidente, es por ello colocaremos los bolardos\u201d, dijo.<\/p>\n<p>Explic\u00f3 que con la medida se evita el tr\u00e1nsito de motos, tambi\u00e9n se protege el \u00e1rea para que est\u00e9 libre de ambulantaje dando una mejor imagen urbana y sobretodo evitar que veh\u00edculos ingresen a la plancha de plaza Tacuba o al andador Ju\u00e1rez y da\u00f1en la loza.<\/p>\n<p>Los trabajos se hacen avalados por la junta de monumentos coloniales, debido a que es una reposici\u00f3n de los que anteriormente estaban colocados de concreto y en su momento fueron derribados.<\/p>\n<p>Por \u00faltimo, indic\u00f3 que el proyecto contempla colocar cadenas entre los postes que impidan el acceso a veh\u00edculos, y estar\u00e1n ubicados en los accesos del andador Ju\u00e1rez y plaza Tacuba, en caso de alguna emergencia se dejar\u00e1 suficiente espacio para retirar la cadena y que ingrese alg\u00fan veh\u00edculo de emergencia.<\/p>\n","protected":false},"excerpt":{"rendered":"<div class=\"mh-excerpt\"><p>Jos\u00e9 \u00c1ngel Flores Guti\u00e9rrez, Director de Obras y Servicios P\u00fablicos, coment\u00f3 que iniciaron los trabajos de rehabilitaci\u00f3n de los bolardos de concreto en las inmediaciones <a class=\"mh-excerpt-more\" href=\"https:\/\/raicesjerezanas.com\/?p=2858\" title=\"REHABILITAN BOLARDOS DE CONCRETO EN ZONA PEATONAL DEL JARD\u00cdN PRINCIPAL Y PLAZA TACUBA\">&#8230;<\/a><\/p>\n<\/div>","protected":false},"author":1,"featured_media":2859,"comment_status":"closed","ping_status":"closed","sticky":false,"template":"","format":"standard","meta":{"footnotes":""},"categories":[102],"tags":[],"class_list":["post-2858","post","type-post","status-publish","format-standard","has-post-thumbnail","hentry","category-noticias-de-jerez"],"_links":{"self":[{"href":"https:\/\/raicesjerezanas.com\/index.php?rest_route=\/wp\/v2\/posts\/2858","targetHints":{"allow":["GET"]}}],"collection":[{"href":"https:\/\/raicesjerezanas.com\/index.php?rest_route=\/wp\/v2\/posts"}],"about":[{"href":"https:\/\/raicesjerezanas.com\/index.php?rest_route=\/wp\/v2\/types\/post"}],"author":[{"embeddable":true,"href":"https:\/\/raicesjerezanas.com\/index.php?rest_route=\/wp\/v2\/users\/1"}],"replies":[{"embeddable":true,"href":"https:\/\/raicesjerezanas.com\/index.php?rest_route=%2Fwp%2Fv2%2Fcomments&post=2858"}],"version-history":[{"count":0,"href":"https:\/\/raicesjerezanas.com\/index.php?rest_route=\/wp\/v2\/posts\/2858\/revisions"}],"wp:featuredmedia":[{"embeddable":true,"href":"https:\/\/raicesjerezanas.com\/index.php?rest_route=\/wp\/v2\/media\/2859"}],"wp:attachment":[{"href":"https:\/\/raicesjerezanas.com\/index.php?rest_route=%2Fwp%2Fv2%2Fmedia&parent=2858"}],"wp:term":[{"taxonomy":"category","embeddable":true,"href":"https:\/\/raicesjerezanas.com\/index.php?rest_route=%2Fwp%2Fv2%2Fcategories&post=2858"},{"taxonomy":"post_tag","embeddable":true,"href":"https:\/\/raicesjerezanas.com\/index.php?rest_route=%2Fwp%2Fv2%2Ftags&post=2858"}],"curies":[{"name":"wp","href":"https:\/\/api.w.org\/{rel}","templated":true}]}}