{"id":2863,"date":"2020-03-13T14:06:41","date_gmt":"2020-03-13T20:06:41","guid":{"rendered":"https:\/\/raicesjerezanas.com\/?p=2863"},"modified":"2023-07-14T04:25:43","modified_gmt":"2023-07-14T04:25:43","slug":"realizan-segunda-reunion-de-seguridad-para-la-feria-de-primavera-2020","status":"publish","type":"post","link":"https:\/\/raicesjerezanas.com\/?p=2863","title":{"rendered":"REALIZAN SEGUNDA REUNI\u00d3N DE SEGURIDAD PARA LA FERIA DE PRIMAVERA 2020"},"content":{"rendered":"<p>Dentro de los preparativos de la Feria de Primavera Jerez 2020, el Gobierno Municipal realiz\u00f3 la segunda reuni\u00f3n con autoridades federales y estatales para consolidar estrategias de seguridad, con \u00e9nfasis en el S\u00e1bado de Gloria.<\/p>\n<p>Directivos y representantes de la Guardia Nacional, la Secretar\u00eda la Defensa Nacional (SEDENA), Polic\u00eda Federal, Polic\u00eda Estatal, Polic\u00eda Estatal Montada, Seguridad Vial, Jurisdicci\u00f3n Sanitaria 06, adem\u00e1s de corporaciones municipales acordaron destinar 320 elementos, 70 unidades m\u00f3viles, 30 caballos y un helic\u00f3ptero.<\/p>\n<p>Tambi\u00e9n se convino la circulaci\u00f3n de los equinos en un solo sentido y la ampliaci\u00f3n del circuito de recorrido a dos calles, desde el puente del bulevar Suave Patria hasta la Primaria Ram\u00f3n L\u00f3pez Velarde.<\/p>\n<p>El Secretario de Gobierno Liborio Carrillo Castro, asegur\u00f3 que la festividad se podr\u00e1 desarrollar en armon\u00eda con la cooperaci\u00f3n de la ciudadan\u00eda, e hizo un llamado para evitar la operaci\u00f3n de armas, botellas de vidrio, as\u00ed como la presencia de ni\u00f1os peque\u00f1os y embarazadas.<\/p>\n<p>Ante el escenario nacional por el Coronavirus (COVID-19) se crear\u00e1 un plan de contingencia con ayuda de expertos de salud adem\u00e1s de mantener informada a la poblaci\u00f3n sobre las medidas preventivas.<\/p>\n<p>Personal de la Jurisdicci\u00f3n Sanitaria se\u00f1al\u00f3 que no hay motivos para entrar en p\u00e1nico, ya que el virus es vulnerable frente a temperaturas altas, adem\u00e1s de garantizar que habr\u00e1 filtros, n\u00facleos de atenci\u00f3n y constantes capacitaciones para el personal correspondiente.<\/p>\n","protected":false},"excerpt":{"rendered":"<div class=\"mh-excerpt\"><p>Dentro de los preparativos de la Feria de Primavera Jerez 2020, el Gobierno Municipal realiz\u00f3 la segunda reuni\u00f3n con autoridades federales y estatales para consolidar <a class=\"mh-excerpt-more\" href=\"https:\/\/raicesjerezanas.com\/?p=2863\" title=\"REALIZAN SEGUNDA REUNI\u00d3N DE SEGURIDAD PARA LA FERIA DE PRIMAVERA 2020\">&#8230;<\/a><\/p>\n<\/div>","protected":false},"author":1,"featured_media":2864,"comment_status":"closed","ping_status":"closed","sticky":false,"template":"","format":"standard","meta":{"footnotes":""},"categories":[102],"tags":[],"class_list":["post-2863","post","type-post","status-publish","format-standard","has-post-thumbnail","hentry","category-noticias-de-jerez"],"_links":{"self":[{"href":"https:\/\/raicesjerezanas.com\/index.php?rest_route=\/wp\/v2\/posts\/2863","targetHints":{"allow":["GET"]}}],"collection":[{"href":"https:\/\/raicesjerezanas.com\/index.php?rest_route=\/wp\/v2\/posts"}],"about":[{"href":"https:\/\/raicesjerezanas.com\/index.php?rest_route=\/wp\/v2\/types\/post"}],"author":[{"embeddable":true,"href":"https:\/\/raicesjerezanas.com\/index.php?rest_route=\/wp\/v2\/users\/1"}],"replies":[{"embeddable":true,"href":"https:\/\/raicesjerezanas.com\/index.php?rest_route=%2Fwp%2Fv2%2Fcomments&post=2863"}],"version-history":[{"count":0,"href":"https:\/\/raicesjerezanas.com\/index.php?rest_route=\/wp\/v2\/posts\/2863\/revisions"}],"wp:featuredmedia":[{"embeddable":true,"href":"https:\/\/raicesjerezanas.com\/index.php?rest_route=\/wp\/v2\/media\/2864"}],"wp:attachment":[{"href":"https:\/\/raicesjerezanas.com\/index.php?rest_route=%2Fwp%2Fv2%2Fmedia&parent=2863"}],"wp:term":[{"taxonomy":"category","embeddable":true,"href":"https:\/\/raicesjerezanas.com\/index.php?rest_route=%2Fwp%2Fv2%2Fcategories&post=2863"},{"taxonomy":"post_tag","embeddable":true,"href":"https:\/\/raicesjerezanas.com\/index.php?rest_route=%2Fwp%2Fv2%2Ftags&post=2863"}],"curies":[{"name":"wp","href":"https:\/\/api.w.org\/{rel}","templated":true}]}}