{"id":2866,"date":"2020-03-17T20:03:41","date_gmt":"2020-03-18T02:03:41","guid":{"rendered":"https:\/\/raicesjerezanas.com\/?p=2866"},"modified":"2023-07-14T04:25:42","modified_gmt":"2023-07-14T04:25:42","slug":"acude-antonio-aceves-a-reunion-de-la-comision-estatal-de-salud","status":"publish","type":"post","link":"https:\/\/raicesjerezanas.com\/?p=2866","title":{"rendered":"ACUDE ANTONIO ACEVES A REUNI\u00d3N DE LA COMISI\u00d3N ESTATAL DE SALUD"},"content":{"rendered":"<ul>\n<li>Reconoce Gobernador decisi\u00f3n de Antonio Aceves por suspender eventos masivos en Jerez.<\/li>\n<li>Tomaremos con mucha seriedad el tema del coronavirus: Antonio Aceves.<\/li>\n<\/ul>\n<p>El Presidente Municipal, Antonio Aceves S\u00e1nchez, acudi\u00f3 a la reuni\u00f3n del Consejo Estatal de Salud, la cual encabez\u00f3 el Gobernador Alejandro Tello, donde se anunci\u00f3 que al d\u00eda de hoy no se tiene ning\u00fan caso positivo de Coronavirus (COVID-19) en la entidad.<\/p>\n<p>Aceves S\u00e1nchez se\u00f1al\u00f3 que el tema se tomar\u00e1 con mucha seriedad por eso gir\u00f3 indicaciones para actuar de manera inmediata al suspender eventos masivos y tomar\u00e1n medidas higi\u00e9nicas en la alcald\u00eda municipal.<\/p>\n<p>Asimismo implementar\u00e1n estrategias para disuadir a la poblaci\u00f3n en especial la que se aglomera en las inmediaciones del jard\u00edn principal los fines de semana.<\/p>\n<p>Alejandro Tello coment\u00f3 que se han registrado 13 casos sospechosos, 11 han resultado negativos y 2 est\u00e1n en revisi\u00f3n, adem\u00e1s que diariamente la Secretar\u00eda de Salud Estatal emite dos reportes (a la 1 y 6 de la tarde), para mantener al tanto a la poblaci\u00f3n.<\/p>\n<p>El Gobernador enfatiz\u00f3 que la prevenci\u00f3n es fundamental y depende de todos, asimismo que el principal filtro somos nosotros y nuestras familias, \u201cpor ello debemos ser responsables\u201d.<\/p>\n<p>Tello Cristerna reconoci\u00f3 la decisi\u00f3n del Alcalde jerezano por suspender eventos masivos, principalmente los festejos de la Feria de Primavera 2020 con el S\u00e1bado de Gloria.<\/p>\n<p>En el estado de Zacatecas est\u00e1 en fase I, por ello coment\u00f3 que se debe estar apegados a lo que el sector salud indique y saber qu\u00e9 hacer en caso que resulte un caso de Coronavirus.<\/p>\n<p>En el caso de la suspensi\u00f3n de clases, puntualiz\u00f3 que no son vacaciones adelantadas, sino un periodo de aislamiento responsable en las instituciones educativas para evitar la propagaci\u00f3n de la enfermedad, el receso comprende del 20 de marzo al 20 de abril.<\/p>\n<p>Por \u00faltimo, dijo que la enfermedad llegar\u00e1, lo importante ser\u00e1 c\u00f3mo se atender\u00e1 y de qu\u00e9 manera se prevendr\u00e1, la mejor manera es la higiene ante todo, que no haya p\u00e1nico pero si la conciencia de c\u00f3mo actuar.<\/p>\n","protected":false},"excerpt":{"rendered":"<div class=\"mh-excerpt\"><p>Reconoce Gobernador decisi\u00f3n de Antonio Aceves por suspender eventos masivos en Jerez. Tomaremos con mucha seriedad el tema del coronavirus: Antonio Aceves. El Presidente Municipal, <a class=\"mh-excerpt-more\" href=\"https:\/\/raicesjerezanas.com\/?p=2866\" title=\"ACUDE ANTONIO ACEVES A REUNI\u00d3N DE LA COMISI\u00d3N ESTATAL DE SALUD\">&#8230;<\/a><\/p>\n<\/div>","protected":false},"author":1,"featured_media":2867,"comment_status":"closed","ping_status":"closed","sticky":false,"template":"","format":"standard","meta":{"footnotes":""},"categories":[102],"tags":[],"class_list":["post-2866","post","type-post","status-publish","format-standard","has-post-thumbnail","hentry","category-noticias-de-jerez"],"_links":{"self":[{"href":"https:\/\/raicesjerezanas.com\/index.php?rest_route=\/wp\/v2\/posts\/2866","targetHints":{"allow":["GET"]}}],"collection":[{"href":"https:\/\/raicesjerezanas.com\/index.php?rest_route=\/wp\/v2\/posts"}],"about":[{"href":"https:\/\/raicesjerezanas.com\/index.php?rest_route=\/wp\/v2\/types\/post"}],"author":[{"embeddable":true,"href":"https:\/\/raicesjerezanas.com\/index.php?rest_route=\/wp\/v2\/users\/1"}],"replies":[{"embeddable":true,"href":"https:\/\/raicesjerezanas.com\/index.php?rest_route=%2Fwp%2Fv2%2Fcomments&post=2866"}],"version-history":[{"count":0,"href":"https:\/\/raicesjerezanas.com\/index.php?rest_route=\/wp\/v2\/posts\/2866\/revisions"}],"wp:featuredmedia":[{"embeddable":true,"href":"https:\/\/raicesjerezanas.com\/index.php?rest_route=\/wp\/v2\/media\/2867"}],"wp:attachment":[{"href":"https:\/\/raicesjerezanas.com\/index.php?rest_route=%2Fwp%2Fv2%2Fmedia&parent=2866"}],"wp:term":[{"taxonomy":"category","embeddable":true,"href":"https:\/\/raicesjerezanas.com\/index.php?rest_route=%2Fwp%2Fv2%2Fcategories&post=2866"},{"taxonomy":"post_tag","embeddable":true,"href":"https:\/\/raicesjerezanas.com\/index.php?rest_route=%2Fwp%2Fv2%2Ftags&post=2866"}],"curies":[{"name":"wp","href":"https:\/\/api.w.org\/{rel}","templated":true}]}}