{"id":2874,"date":"2020-03-22T18:34:35","date_gmt":"2020-03-23T00:34:35","guid":{"rendered":"https:\/\/raicesjerezanas.com\/?p=2874"},"modified":"2023-07-14T04:25:41","modified_gmt":"2023-07-14T04:25:41","slug":"comerciantes-y-gobierno-municipal-hacen-frente-a-la-contingencia-sanitaria","status":"publish","type":"post","link":"https:\/\/raicesjerezanas.com\/?p=2874","title":{"rendered":"COMERCIANTES Y GOBIERNO MUNICIPAL HACEN FRENTE A LA CONTINGENCIA SANITARIA"},"content":{"rendered":"<p>Como parte de las medidas de prevenci\u00f3n y para evitar el contagio del Coronavirus en Jerez, el Tianguis Dominical de la calle Gonz\u00e1lez Ortega, se instal\u00f3 este domingo en la explanada de la Feria.<\/p>\n<p>Lo anterior en com\u00fan acuerdo entre el Gobierno Municipal que encabeza Antonio Aceves S\u00e1nchez, a trav\u00e9s de la Administraci\u00f3n de Plazas y Mercados, con comerciantes que venden frutas, verduras y\u00a0 alimentos.<\/p>\n<p>El Administrador Guillermo Guti\u00e9rrez coment\u00f3 que la jornada comercial se desarroll\u00f3 sin ning\u00fan contratiempo con los visitantes ni los cerca de 300 comerciantes.<\/p>\n<p>Sin embargo, manifest\u00f3 que se invitar\u00e1 a los locatarios a extremar las medidas higi\u00e9nicas durante su estancia.<\/p>\n<p>De igual manera recomend\u00f3 a la poblaci\u00f3n tomar medidas preventivas como acudir un solo miembro de la familia por las compras, mantenerse al menos a un metro de los dem\u00e1s y usar gel antibacterial constantemente.<\/p>\n<p>Para no perjudicar al comercio local se continuar\u00e1 coordinando estrategias para evitar p\u00e9rdidas econ\u00f3micas para las familias mientras transcurre la contingencia sanitaria.<\/p>\n","protected":false},"excerpt":{"rendered":"<div class=\"mh-excerpt\"><p>Como parte de las medidas de prevenci\u00f3n y para evitar el contagio del Coronavirus en Jerez, el Tianguis Dominical de la calle Gonz\u00e1lez Ortega, se <a class=\"mh-excerpt-more\" href=\"https:\/\/raicesjerezanas.com\/?p=2874\" title=\"COMERCIANTES Y GOBIERNO MUNICIPAL HACEN FRENTE A LA CONTINGENCIA SANITARIA\">&#8230;<\/a><\/p>\n<\/div>","protected":false},"author":1,"featured_media":2875,"comment_status":"closed","ping_status":"closed","sticky":false,"template":"","format":"standard","meta":{"footnotes":""},"categories":[102],"tags":[],"class_list":["post-2874","post","type-post","status-publish","format-standard","has-post-thumbnail","hentry","category-noticias-de-jerez"],"_links":{"self":[{"href":"https:\/\/raicesjerezanas.com\/index.php?rest_route=\/wp\/v2\/posts\/2874","targetHints":{"allow":["GET"]}}],"collection":[{"href":"https:\/\/raicesjerezanas.com\/index.php?rest_route=\/wp\/v2\/posts"}],"about":[{"href":"https:\/\/raicesjerezanas.com\/index.php?rest_route=\/wp\/v2\/types\/post"}],"author":[{"embeddable":true,"href":"https:\/\/raicesjerezanas.com\/index.php?rest_route=\/wp\/v2\/users\/1"}],"replies":[{"embeddable":true,"href":"https:\/\/raicesjerezanas.com\/index.php?rest_route=%2Fwp%2Fv2%2Fcomments&post=2874"}],"version-history":[{"count":0,"href":"https:\/\/raicesjerezanas.com\/index.php?rest_route=\/wp\/v2\/posts\/2874\/revisions"}],"wp:featuredmedia":[{"embeddable":true,"href":"https:\/\/raicesjerezanas.com\/index.php?rest_route=\/wp\/v2\/media\/2875"}],"wp:attachment":[{"href":"https:\/\/raicesjerezanas.com\/index.php?rest_route=%2Fwp%2Fv2%2Fmedia&parent=2874"}],"wp:term":[{"taxonomy":"category","embeddable":true,"href":"https:\/\/raicesjerezanas.com\/index.php?rest_route=%2Fwp%2Fv2%2Fcategories&post=2874"},{"taxonomy":"post_tag","embeddable":true,"href":"https:\/\/raicesjerezanas.com\/index.php?rest_route=%2Fwp%2Fv2%2Ftags&post=2874"}],"curies":[{"name":"wp","href":"https:\/\/api.w.org\/{rel}","templated":true}]}}